{"id":6763,"date":"2019-04-30T14:09:44","date_gmt":"2019-04-30T14:09:44","guid":{"rendered":"http:\/\/minio.ro\/?p=6763"},"modified":"2022-09-20T20:19:02","modified_gmt":"2022-09-20T17:19:02","slug":"prad-fair-experience","status":"publish","type":"post","link":"https:\/\/minio.ro\/en\/prad-fair-experience\/","title":{"rendered":"PR&#038;Ad Fair Experience"},"content":{"rendered":"<div id=\"bsf_rt_marker\"><\/div><div class=\"wpb-content-wrapper\"><p>[vc_row][vc_column][vc_column_text]<strong>Salut, Marius, ne bucur\u0103m tare mult c\u0103 ai acceptat s\u0103 ne r\u0103spunzi la un scurt interviu despre experien\u021ba ta la PR&amp;Ad Fair 2018.\u00a0<\/strong><\/p>\n<p>Eu v\u0103 mul\u021bumesc pentru c\u0103 v-a\u021bi g\u00e2ndit la mine \u0219i la MINIO.<\/p>\n<p>&nbsp;<\/p>\n<p><strong>\u00cenainte de a \u00eencepe cu \u00eentreb\u0103rile propriu-zise, suntem curio\u0219i s\u0103 afl\u0103m care e cea mai provocatoare parte \u00een a fi PR manager la Minio Studio.<\/strong><\/p>\n<p>Sunt multe provoc\u0103ri zi de zi, dintre cele mai diverse \u0219i, c\u00e2teodat\u0103, solicitante. Una dintre provoc\u0103rile mari este s\u0103 m\u0103 adaptez de la un task la altul \u0219i de la un proiect la altul, proiectele fiind diferite unele de celelalte. Dar \u00eemi place foarte mult ceea ce fac la agen\u021bie \u0219i m\u0103 bucur\u0103 faptul c\u0103 realiz\u0103m campanii mari, integrate \u0219i de impact.<\/p>\n<p>&nbsp;<\/p>\n<p><strong>\u0218tim c\u0103 de c\u00e2nd s-a \u00eenfiin\u021bat, Minio a fost la toate edi\u021biile PR&amp;Ad Fair, dar tu ai participat anul trecut pentru prima oar\u0103 la t\u00e2rg. Spune-ne pu\u021bin despre experien\u021ba primei tale edi\u021bii.<\/strong><\/p>\n<p>A fost o experien\u021b\u0103 foarte frumoas\u0103 \u0219i interesant\u0103. Mi-a pl\u0103cut c\u0103 am \u00eent\u00e2lnit mul\u021bi studen\u021bi interesa\u021bi de publicitate, curio\u0219i s\u0103 afle \u0219i s\u0103 descopere. A fost mult\u0103 interac\u021biune \u00een cele dou\u0103 zile ale evenimentului, mul\u021bi dintre participan\u021bi dorind s\u0103 afle mai multe despre MINIO, despre campaniile agen\u021biei \u0219i cum se desf\u0103\u0219oar\u0103 un internship la MINIO.<\/p>\n<p>&nbsp;<\/p>\n<p><strong>Noi evalu\u0103m c\u0103 fiecare colaborare Minio-PR&amp;Ad Fair a fost super bun\u0103. Cum vezi tu lucrurile prin prisma colabor\u0103rii de anul trecut?<\/strong><\/p>\n<p>Colaborarea de anul trecut a fost una solid\u0103 \u0219i productiv\u0103. Avem \u0219i un rezultat concret, \u00een urma particip\u0103rii la edi\u021bia din 2018: o coleg\u0103 de-a voastr\u0103 din organizare a urmat un internship la noi \u0219i a r\u0103mas \u00een echipa noastr\u0103. \u0218i se pare c\u0103-i place mult la MINIO.<\/p>\n<p>&nbsp;<\/p>\n<p><strong>\u0218tim c\u0103 \u00eempreun\u0103 cu echipa Minio participi la multe evenimente. Cu ce se diferen\u021biaz\u0103 atmosfera de la PR&amp;Ad Fair fa\u021b\u0103 de celelalte evenimente la care ai fost?<\/strong><\/p>\n<p>Prin faptul c\u0103 atmosfera este una preponderent studen\u021beasc\u0103 \u0219i acest lucru \u00eemi aminte\u0219te de studen\u021bie \u0219i de perioada \u00een care \u0219i eu participam la astfel de evenimente, \u00een c\u0103utare de oportunit\u0103\u021bi. Dar, totodat\u0103, organizarea este la fel de profesionist\u0103 precum la evenimentele mari de PR<\/p>\n<p>&nbsp;<\/p>\n<p><strong>Anul trecut v-a\u021bi super distrat \u0219i a\u021bi c\u00e2\u0219tigat premiul pentru cea mai creativ\u0103 agen\u021bie. Cum v\u0103 preg\u0103ti\u021bi pentru edi\u021bia din acest an? Ave\u021bi deja vreun plan inovator?<\/strong><\/p>\n<p>Ne-am bucurat foarte mult pentru acest premiu \u0219i \u0219tim c\u0103 a\u0219tept\u0103rile sunt pe m\u0103sur\u0103, \u00een ceea ce ne prive\u0219te.<br \/>\nCum ne preg\u0103tim? Inova\u021bia face parte din ADN-ul MINIO. Cu siguran\u021b\u0103 v\u0103 vom surprinde \u0219i anul acesta, pentru c\u0103 ne vom prezenta cu un concept nou, aplicat, care va st\u00e2rni interesul participan\u021bilor.<\/p>\n<p>&nbsp;<\/p>\n<p><strong>Super! Mul\u021bumim mult pentru interviu! O ultim\u0103 \u00eentrebare mai am. Ce a\u0219tept\u0103ri ai de la edi\u021bia a 11-a PR&amp;Ad Fair?<\/strong><\/p>\n<p>S\u0103 ne surprinde\u021bi! Eu apreciez foarte mult implicarea voastr\u0103 \u00een organizarea evenimentului, an de an, \u0219i faptul c\u0103 \u00eei sus\u021bine\u021bi \u0219i \u00eei ajuta\u021bi pe studen\u021bii de la Comunicare \u0219i Publicitate prin aceast\u0103 oportunitate \u2013 de a-i aduce \u00een acela\u0219i loc cu reprezentan\u021bii mai multor agen\u021bii \u0219i s\u0103-\u0219i g\u0103seasc\u0103 un internship sau chiar un job.<\/p>\n<p>&nbsp;<\/p>\n<p>Sursa: <a href=\"https:\/\/bit.ly\/2khoSaR\" target=\"_blank\" rel=\"noopener noreferrer\">https:\/\/bit.ly\/2khoSaR<\/a>[\/vc_column_text][\/vc_column][\/vc_row][vc_row][vc_column][\/vc_column][\/vc_row]<\/p>\n<\/div>","protected":false},"excerpt":{"rendered":"<p>[vc_row][vc_column][vc_column_text]Salut, Marius, ne bucur\u0103m tare mult c\u0103 ai acceptat s\u0103 ne r\u0103spunzi la un scurt interviu despre experien\u021ba ta la PR&amp;Ad Fair 2018.\u00a0 Eu v\u0103 mul\u021bumesc pentru c\u0103 v-a\u021bi g\u00e2ndit la mine \u0219i la MINIO. &nbsp; \u00cenainte de a \u00eencepe cu \u00eentreb\u0103rile propriu-zise, suntem curio\u0219i [&hellip;]<\/p>\n","protected":false},"author":1,"featured_media":13629,"comment_status":"open","ping_status":"open","sticky":false,"template":"","format":"standard","meta":{"footnotes":""},"categories":[1,208,230],"tags":[15,26,77],"class_list":["post-6763","post","type-post","status-publish","format-standard","has-post-thumbnail","hentry","category-home","category-media","category-culture","tag-advertising","tag-design","tag-technology"],"yoast_head":"<!-- This site is optimized with the Yoast SEO plugin v23.5 - https:\/\/yoast.com\/wordpress\/plugins\/seo\/ -->\n<title>PR&amp;Ad Fair Experience - Minio Studio<\/title>\n<meta name=\"robots\" content=\"index, follow, max-snippet:-1, max-image-preview:large, max-video-preview:-1\" \/>\n<link rel=\"canonical\" href=\"https:\/\/minio.ro\/en\/prad-fair-experience\/\" \/>\n<meta property=\"og:locale\" content=\"en_US\" \/>\n<meta property=\"og:type\" content=\"article\" \/>\n<meta property=\"og:title\" content=\"PR&amp;Ad Fair Experience - Minio Studio\" \/>\n<meta property=\"og:description\" content=\"[vc_row][vc_column][vc_column_text]Salut, Marius, ne bucur\u0103m tare mult c\u0103 ai acceptat s\u0103 ne r\u0103spunzi la un scurt interviu despre experien\u021ba ta la PR&amp;Ad Fair 2018.\u00a0 Eu v\u0103 mul\u021bumesc pentru c\u0103 v-a\u021bi g\u00e2ndit la mine \u0219i la MINIO. &nbsp; \u00cenainte de a \u00eencepe cu \u00eentreb\u0103rile propriu-zise, suntem curio\u0219i [&hellip;]\" \/>\n<meta property=\"og:url\" content=\"https:\/\/minio.ro\/en\/prad-fair-experience\/\" \/>\n<meta property=\"og:site_name\" content=\"Minio Studio\" \/>\n<meta property=\"article:published_time\" content=\"2019-04-30T14:09:44+00:00\" \/>\n<meta property=\"article:modified_time\" content=\"2022-09-20T17:19:02+00:00\" \/>\n<meta property=\"og:image\" content=\"https:\/\/minio.ro\/wp-content\/uploads\/2018\/09\/MI1921_headereTemplate_1-2_ASA_09sep22_105.jpg\" \/>\n\t<meta property=\"og:image:width\" content=\"1695\" \/>\n\t<meta property=\"og:image:height\" content=\"793\" \/>\n\t<meta property=\"og:image:type\" content=\"image\/jpeg\" \/>\n<meta name=\"author\" content=\"minio\" \/>\n<meta name=\"twitter:card\" content=\"summary_large_image\" \/>\n<meta name=\"twitter:label1\" content=\"Written by\" \/>\n\t<meta name=\"twitter:data1\" content=\"minio\" \/>\n\t<meta name=\"twitter:label2\" content=\"Est. reading time\" \/>\n\t<meta name=\"twitter:data2\" content=\"3 minutes\" \/>\n<script type=\"application\/ld+json\" class=\"yoast-schema-graph\">{\"@context\":\"https:\/\/schema.org\",\"@graph\":[{\"@type\":\"WebPage\",\"@id\":\"https:\/\/minio.ro\/en\/prad-fair-experience\/\",\"url\":\"https:\/\/minio.ro\/en\/prad-fair-experience\/\",\"name\":\"PR&Ad Fair Experience - Minio Studio\",\"isPartOf\":{\"@id\":\"https:\/\/minio.ro\/#website\"},\"primaryImageOfPage\":{\"@id\":\"https:\/\/minio.ro\/en\/prad-fair-experience\/#primaryimage\"},\"image\":{\"@id\":\"https:\/\/minio.ro\/en\/prad-fair-experience\/#primaryimage\"},\"thumbnailUrl\":\"https:\/\/minio.ro\/wp-content\/uploads\/2018\/09\/MI1921_headereTemplate_1-2_ASA_09sep22_105.jpg\",\"datePublished\":\"2019-04-30T14:09:44+00:00\",\"dateModified\":\"2022-09-20T17:19:02+00:00\",\"author\":{\"@id\":\"https:\/\/minio.ro\/#\/schema\/person\/7fcba7750aba44ac122bce59fb04dc1f\"},\"breadcrumb\":{\"@id\":\"https:\/\/minio.ro\/en\/prad-fair-experience\/#breadcrumb\"},\"inLanguage\":\"en-US\",\"potentialAction\":[{\"@type\":\"ReadAction\",\"target\":[\"https:\/\/minio.ro\/en\/prad-fair-experience\/\"]}]},{\"@type\":\"ImageObject\",\"inLanguage\":\"en-US\",\"@id\":\"https:\/\/minio.ro\/en\/prad-fair-experience\/#primaryimage\",\"url\":\"https:\/\/minio.ro\/wp-content\/uploads\/2018\/09\/MI1921_headereTemplate_1-2_ASA_09sep22_105.jpg\",\"contentUrl\":\"https:\/\/minio.ro\/wp-content\/uploads\/2018\/09\/MI1921_headereTemplate_1-2_ASA_09sep22_105.jpg\",\"width\":1695,\"height\":793},{\"@type\":\"BreadcrumbList\",\"@id\":\"https:\/\/minio.ro\/en\/prad-fair-experience\/#breadcrumb\",\"itemListElement\":[{\"@type\":\"ListItem\",\"position\":1,\"name\":\"Prima pagin\u0103\",\"item\":\"https:\/\/minio.ro\/en\/\"},{\"@type\":\"ListItem\",\"position\":2,\"name\":\"PR&#038;Ad Fair Experience\"}]},{\"@type\":\"WebSite\",\"@id\":\"https:\/\/minio.ro\/#website\",\"url\":\"https:\/\/minio.ro\/\",\"name\":\"Minio Studio\",\"description\":\"Think bigger\",\"potentialAction\":[{\"@type\":\"SearchAction\",\"target\":{\"@type\":\"EntryPoint\",\"urlTemplate\":\"https:\/\/minio.ro\/?s={search_term_string}\"},\"query-input\":{\"@type\":\"PropertyValueSpecification\",\"valueRequired\":true,\"valueName\":\"search_term_string\"}}],\"inLanguage\":\"en-US\"},{\"@type\":\"Person\",\"@id\":\"https:\/\/minio.ro\/#\/schema\/person\/7fcba7750aba44ac122bce59fb04dc1f\",\"name\":\"minio\",\"image\":{\"@type\":\"ImageObject\",\"inLanguage\":\"en-US\",\"@id\":\"https:\/\/minio.ro\/#\/schema\/person\/image\/\",\"url\":\"https:\/\/secure.gravatar.com\/avatar\/aabb140d7de37f0fbbe8b38e37f61d45?s=96&d=mm&r=g\",\"contentUrl\":\"https:\/\/secure.gravatar.com\/avatar\/aabb140d7de37f0fbbe8b38e37f61d45?s=96&d=mm&r=g\",\"caption\":\"minio\"},\"url\":\"https:\/\/minio.ro\/en\/author\/minio\/\"}]}<\/script>\n<!-- \/ Yoast SEO plugin. -->","yoast_head_json":{"title":"PR&Ad Fair Experience - Minio Studio","robots":{"index":"index","follow":"follow","max-snippet":"max-snippet:-1","max-image-preview":"max-image-preview:large","max-video-preview":"max-video-preview:-1"},"canonical":"https:\/\/minio.ro\/en\/prad-fair-experience\/","og_locale":"en_US","og_type":"article","og_title":"PR&Ad Fair Experience - Minio Studio","og_description":"[vc_row][vc_column][vc_column_text]Salut, Marius, ne bucur\u0103m tare mult c\u0103 ai acceptat s\u0103 ne r\u0103spunzi la un scurt interviu despre experien\u021ba ta la PR&amp;Ad Fair 2018.\u00a0 Eu v\u0103 mul\u021bumesc pentru c\u0103 v-a\u021bi g\u00e2ndit la mine \u0219i la MINIO. &nbsp; \u00cenainte de a \u00eencepe cu \u00eentreb\u0103rile propriu-zise, suntem curio\u0219i [&hellip;]","og_url":"https:\/\/minio.ro\/en\/prad-fair-experience\/","og_site_name":"Minio Studio","article_published_time":"2019-04-30T14:09:44+00:00","article_modified_time":"2022-09-20T17:19:02+00:00","og_image":[{"width":1695,"height":793,"url":"https:\/\/minio.ro\/wp-content\/uploads\/2018\/09\/MI1921_headereTemplate_1-2_ASA_09sep22_105.jpg","type":"image\/jpeg"}],"author":"minio","twitter_card":"summary_large_image","twitter_misc":{"Written by":"minio","Est. reading time":"3 minutes"},"schema":{"@context":"https:\/\/schema.org","@graph":[{"@type":"WebPage","@id":"https:\/\/minio.ro\/en\/prad-fair-experience\/","url":"https:\/\/minio.ro\/en\/prad-fair-experience\/","name":"PR&Ad Fair Experience - Minio Studio","isPartOf":{"@id":"https:\/\/minio.ro\/#website"},"primaryImageOfPage":{"@id":"https:\/\/minio.ro\/en\/prad-fair-experience\/#primaryimage"},"image":{"@id":"https:\/\/minio.ro\/en\/prad-fair-experience\/#primaryimage"},"thumbnailUrl":"https:\/\/minio.ro\/wp-content\/uploads\/2018\/09\/MI1921_headereTemplate_1-2_ASA_09sep22_105.jpg","datePublished":"2019-04-30T14:09:44+00:00","dateModified":"2022-09-20T17:19:02+00:00","author":{"@id":"https:\/\/minio.ro\/#\/schema\/person\/7fcba7750aba44ac122bce59fb04dc1f"},"breadcrumb":{"@id":"https:\/\/minio.ro\/en\/prad-fair-experience\/#breadcrumb"},"inLanguage":"en-US","potentialAction":[{"@type":"ReadAction","target":["https:\/\/minio.ro\/en\/prad-fair-experience\/"]}]},{"@type":"ImageObject","inLanguage":"en-US","@id":"https:\/\/minio.ro\/en\/prad-fair-experience\/#primaryimage","url":"https:\/\/minio.ro\/wp-content\/uploads\/2018\/09\/MI1921_headereTemplate_1-2_ASA_09sep22_105.jpg","contentUrl":"https:\/\/minio.ro\/wp-content\/uploads\/2018\/09\/MI1921_headereTemplate_1-2_ASA_09sep22_105.jpg","width":1695,"height":793},{"@type":"BreadcrumbList","@id":"https:\/\/minio.ro\/en\/prad-fair-experience\/#breadcrumb","itemListElement":[{"@type":"ListItem","position":1,"name":"Prima pagin\u0103","item":"https:\/\/minio.ro\/en\/"},{"@type":"ListItem","position":2,"name":"PR&#038;Ad Fair Experience"}]},{"@type":"WebSite","@id":"https:\/\/minio.ro\/#website","url":"https:\/\/minio.ro\/","name":"Minio Studio","description":"Think bigger","potentialAction":[{"@type":"SearchAction","target":{"@type":"EntryPoint","urlTemplate":"https:\/\/minio.ro\/?s={search_term_string}"},"query-input":{"@type":"PropertyValueSpecification","valueRequired":true,"valueName":"search_term_string"}}],"inLanguage":"en-US"},{"@type":"Person","@id":"https:\/\/minio.ro\/#\/schema\/person\/7fcba7750aba44ac122bce59fb04dc1f","name":"minio","image":{"@type":"ImageObject","inLanguage":"en-US","@id":"https:\/\/minio.ro\/#\/schema\/person\/image\/","url":"https:\/\/secure.gravatar.com\/avatar\/aabb140d7de37f0fbbe8b38e37f61d45?s=96&d=mm&r=g","contentUrl":"https:\/\/secure.gravatar.com\/avatar\/aabb140d7de37f0fbbe8b38e37f61d45?s=96&d=mm&r=g","caption":"minio"},"url":"https:\/\/minio.ro\/en\/author\/minio\/"}]}},"_links":{"self":[{"href":"https:\/\/minio.ro\/en\/wp-json\/wp\/v2\/posts\/6763"}],"collection":[{"href":"https:\/\/minio.ro\/en\/wp-json\/wp\/v2\/posts"}],"about":[{"href":"https:\/\/minio.ro\/en\/wp-json\/wp\/v2\/types\/post"}],"author":[{"embeddable":true,"href":"https:\/\/minio.ro\/en\/wp-json\/wp\/v2\/users\/1"}],"replies":[{"embeddable":true,"href":"https:\/\/minio.ro\/en\/wp-json\/wp\/v2\/comments?post=6763"}],"version-history":[{"count":1,"href":"https:\/\/minio.ro\/en\/wp-json\/wp\/v2\/posts\/6763\/revisions"}],"predecessor-version":[{"id":6767,"href":"https:\/\/minio.ro\/en\/wp-json\/wp\/v2\/posts\/6763\/revisions\/6767"}],"wp:featuredmedia":[{"embeddable":true,"href":"https:\/\/minio.ro\/en\/wp-json\/wp\/v2\/media\/13629"}],"wp:attachment":[{"href":"https:\/\/minio.ro\/en\/wp-json\/wp\/v2\/media?parent=6763"}],"wp:term":[{"taxonomy":"category","embeddable":true,"href":"https:\/\/minio.ro\/en\/wp-json\/wp\/v2\/categories?post=6763"},{"taxonomy":"post_tag","embeddable":true,"href":"https:\/\/minio.ro\/en\/wp-json\/wp\/v2\/tags?post=6763"}],"curies":[{"name":"wp","href":"https:\/\/api.w.org\/{rel}","templated":true}]}}