{"id":8124,"date":"2020-02-12T12:23:04","date_gmt":"2020-02-12T12:23:04","guid":{"rendered":"https:\/\/www.minio.ro\/?p=8124"},"modified":"2022-09-20T19:17:09","modified_gmt":"2022-09-20T16:17:09","slug":"trenduri-2020-cristiana-pana-minio-studio-anul-acesta-va-fi-al-entertainment-ului-publicitar-seriale-de-brand-muzica-si-concerte-facute-de-branduri","status":"publish","type":"post","link":"https:\/\/minio.ro\/en\/trenduri-2020-cristiana-pana-minio-studio-anul-acesta-va-fi-al-entertainment-ului-publicitar-seriale-de-brand-muzica-si-concerte-facute-de-branduri\/","title":{"rendered":"[Trenduri 2020] Cristiana Pan\u0103, Minio Studio: Anul acesta va fi al entertainment-ului publicitar. Seriale de brand, muzic\u0103 \u0219i concerte f\u0103cute de branduri"},"content":{"rendered":"<div id=\"bsf_rt_marker\"><\/div><p><span style=\"color: #000000;\"><em>Nevoia de a fi o versiune mai bun\u0103 a mea, nevoia de a m\u0103 distra, nevoia de a mi se simplifica via\u021ba, nevoia de a rela\u021biona cu ceilal\u021bi, nevoia de a fi \u00een control. Nevoile sunt cele care creeaz\u0103 trendurile, aminte\u0219te\u00a0<strong>Cristiana Pan\u0103<\/strong>, Head of Strategy Minio Studio. \u0218i despre\u00a0principalele nevoi ale oamenilor care vor determina trenduri \u00een 2020, vorbe\u0219te \u00een interviul de mai jos.<\/em><\/span><\/p>\n<p><span style=\"color: #000000;\"><em>Dac\u0103 ar fi s\u0103 numeasc\u0103 un trend definitoriu pentru anul acesta, Cristiana s-ar referi la entertainment-ul publicitar, pe care, pe de o parte, \u00eel consider\u0103 un canal de comunicare facil pentru consumatori, iar pe de alta parte, o nevoie a brandurilor de a se valida, de a demonstra c\u0103 exist\u0103 \u00een cultura pop.<\/em><\/span><\/p>\n<h3><span style=\"color: #000000;\"><strong>Cum se nasc trendurile? Cine le determin\u0103? C\u00e2nd devin independente \u0219i universale? C\u00e2t conteaz\u0103 un an \u00een economia unui trend?<\/strong><\/span><\/h3>\n<p><span style=\"color: #000000;\">Trendurile sunt acea direc\u021bie general\u0103 \u00een care se dezvolt\u0103 sau se schimb\u0103 ceva. Se aplic\u0103 \u00een orice industrie pentru c\u0103 \u021bin de cultur\u0103, de schimb\u0103rile \u00een societate. Vorbim despre un proces social complex produs de schimb\u0103rile de mentalitate care se reflect\u0103 \u00een cultur\u0103 la un moment dat \u0219i care se poate asocia u\u0219or cu popularitatea anumitor subiecte sau obiecte. Trendurile pornesc de la oameni \u0219i de la nevoia lor continu\u0103 de dezvoltare, de a fi o versiune mai bun\u0103 a lor, de a descoperi lucruri noi, de a cuceri teritorii noi.<\/span><\/p>\n<p>&nbsp;<\/p>\n<p><span style=\"color: #000000;\">Termenul \u201eviral\u201d este adesea folosit \u00een mod interschimbabil cu \u201etrend\u201d, de\u0219i cele dou\u0103 nu sunt unul \u0219i acelea\u0219i. Trendurile sunt determinate de cultur\u0103, context, gust \u0219i stil \u0219i se stabilesc ferm pentru o anumit\u0103 perioad\u0103 de timp datorit\u0103 sentimentelor comune din societate. \u201eViral\u201d descrie r\u0103sp\u00e2ndirea rapid\u0103 a ceva de la individ la individ, \u00een prezent, \u00een mod special legat de mass-media \u0219i de marketing \u0219i este mult mai tranzitoriu. Societatea este at\u00e2t de fluid\u0103, schimb\u0103rile at\u00e2t de subtile \u0219i rapide, \u00eenc\u00e2t importan\u021ba unui viral este foarte mic\u0103 \u00een economia unui an. \u00cens\u0103, un trend arat\u0103 direc\u021bia \u00een care se mi\u0219c\u0103 societatea cu totul.<\/span><\/p>\n<p>&nbsp;<\/p>\n<p><span style=\"color: #000000;\">E foarte greu s\u0103 granulezi \u00een timp exact momentul \u00een care se nasc trendurile, deoarece acestea se potrivesc contextului social \u00een care se schimb\u0103 stilurile sau gusturile. Odat\u0103 ce schimb\u0103rile au fost \u00eemp\u0103rt\u0103\u0219ite \u0219i adoptate de o mas\u0103 critic\u0103, acestea c\u00e2\u0219tig\u0103 avantaj, se ancoreaz\u0103 \u00een mentalul colectiv. Poate p\u0103rea aleatoriu sau ap\u0103rut din senin, dar un trend este departe de a fi a\u0219a. Direc\u021bia \u00een care se mi\u0219c\u0103 societatea pe un anumit palier este cea care d\u0103 direc\u021bia. A\u0219adar, e mai important s\u0103 previzionezi trendul dec\u00e2t s\u0103 \u00eel urm\u0103re\u0219ti. Dac\u0103 urm\u0103re\u0219ti trendul, e\u0219ti doar mainstream.<\/span><\/p>\n<p>&nbsp;<\/p>\n<p><span style=\"color: #000000;\">Cu siguran\u021b\u0103 lucrurile, mentalit\u0103\u021bile, gusturile se schimb\u0103 chiar \u00een momentul \u00een care eu tastez aceste r\u00e2nduri. \u0218i asta este un lucru bun. Schimbarea aduce dezvoltare, inova\u021bie.<\/span><\/p>\n<h3><span style=\"color: #000000;\"><strong>Ce trenduri vor continua \u0219i confirma, \u00een comunicare, \u00een 2020? Ce trenduri noi se pot na\u0219te \u0219i \u00een ce zone? Ce \u021bi-ar pl\u0103cea s\u0103 dispar\u0103 \u00een acest an?<\/strong><\/span><\/h3>\n<p><span style=\"color: #000000;\">Nu mi-ar pl\u0103cea s\u0103 dispar\u0103 niciun trend anume. Consider s\u0103 sunt o parte natural\u0103 din direc\u021bia \u00een care se schimb\u0103 societatea, deci sunt o parte din fiecare dintre noi. Poate nu ne place ceva anume, dar at\u00e2t timp c\u00e2t asta reflect\u0103 realitatea, cea mai bun\u0103 solu\u021bie e s\u0103 ne adapt\u0103m \u0219i s\u0103 deschidem direc\u021bii noi de dezvoltare. Identific ca o direc\u021bie bun\u0103 de cre\u0219tere zona de inteligen\u021b\u0103 artificial\u0103 \u0219i folosirea datelor personale. Cred c\u0103, \u00een foarte scurt timp, consumatorii vor putea s\u0103 capitalizeze datele personale pe care acum le ofer\u0103 gratuit \u00een schimbul con\u021binutului \u0219i experien\u021belor autentice \u0219i personalizate.<\/span><\/p>\n<h3><span style=\"color: #000000;\"><strong>Vor continua toate acele trenduri care r\u0103spund urm\u0103toarelor nevoi umane: <\/strong><\/span><\/h3>\n<ol>\n<li><span style=\"color: #000000;\"><u> Nevoia de a fi o versiun\u0103 mai bun\u0103 a mea<\/u> \u2013 aici se \u00eencadreaz\u0103 toate programele sociale ale brandurilor care implic\u0103 dezvoltare de infrastructur\u0103 nou\u0103 (spitale, dona\u021bii), ambalajele \u0219i produsele sustenabile, ini\u021biativele de a avea impact asupra categoriilor defavorizate, asupra drepturilor oamenilor, ini\u021biativele de a l\u0103sa o amprent\u0103 c\u00e2t mai mic\u0103 asupra mediului \u00eenconjur\u0103tor (spre exemplu: viralul recent generat de Airly \u00een Bucure\u0219ti indic\u0103 deja prezen\u021ba acestui trend \u0219i pe pia\u021ba local\u0103). Oamenii vor s\u0103 simt\u0103 c\u0103 fac diferen\u021ba, c\u0103 las\u0103 ceva \u00een urm\u0103, sunt mai grijulii cu ce \u0219i c\u00e2t consum\u0103. Asta spune ceva despre ei \u00een societate, \u00een cercul lor de prieteni.<\/span><\/li>\n<\/ol>\n<p>&nbsp;<\/p>\n<ol start=\"2\">\n<li><span style=\"color: #000000;\"><u> Nevoia de a m\u0103 distra<\/u> \u2013 Un trend \u00eenceput \u00een Rom\u00e2nia \u00eenc\u0103 din 2019 este Brandtainment sub form\u0103 de seriale f\u0103cute de branduri. Deja nu mai vorbim despre a fi publicitar, ci despre a g\u00e2ndi ca un regizor de film. AR, VR, Shopperentertainment, Emoticon Storytelling, clipurile ASMR se \u00eencadreaz\u0103 \u0219i ele tot aici. \u00cen esen\u021b\u0103, consumatorii nu mai sunt defini\u021bi ca acele persoane care abia a\u0219teapt\u0103 reclamele ca s\u0103 afle despre un produs sau un serviciu nou. Ba din contr\u0103, consumatorii sunt bombarda\u021bi de prea multe informa\u021bii, iar ceea ce \u00eei face s\u0103 interac\u021bioneze mai mult cu un brand sau cu un altul se rezum\u0103 la c\u00e2t de bine se simt \u00een timp ce interac\u021bioneaz\u0103 cu brandurile\/produsele.<\/span><\/li>\n<\/ol>\n<p>&nbsp;<\/p>\n<ol start=\"3\">\n<li><span style=\"color: #000000;\"><u>Nevoia de a mi se simplifica via\u021ba<\/u> &#8211; \u00cen aceast\u0103 categorie sunt deja multe trenduri pe care am \u00eenceput deja s\u0103 le vedem \u0219i local: minimalist apps, shoptimisation, smart takeaway, OOH-uri care \u00eembun\u0103t\u0103\u021besc infrastructura ora\u0219ului. Brandurile \u00ee\u0219i upgradeaz\u0103 produsele la o versiune sustenabil\u0103 sau fac un ambalaj optimizat\/smart sau implementeaz\u0103 UX \u0219i UI \u00een digital, iar asta nu reprezint\u0103 dec\u00e2t o consecin\u021b\u0103 fireasc\u0103 a unei cereri pentru servicii \u0219i produse superioare, \u00een linie cu noile mentalit\u0103\u021bi \u0219i contexte sociale.<\/span><\/li>\n<\/ol>\n<p><span style=\"color: #000000;\"><u>\u00a0<\/u><\/span><\/p>\n<ol start=\"4\">\n<li><span style=\"color: #000000;\"><u> Nevoia de a rela\u021biona cu ceilal\u021bi<\/u> &#8211; Suntem fiin\u021be sociale, iar nevoile de apartenen\u021b\u0103 \u0219i validare sunt ni\u0219te driveri puternici. Brandurile vor continua s\u0103 genereze ocazii sociale, s\u0103 str\u00e2ng\u0103 comunit\u0103\u021bi, s\u0103 \u00ee\u0219i ni\u0219eze activ\u0103rile pe micro-comunit\u0103\u021bi astfel \u00eenc\u00e2t mesajele lor s\u0103 fie mai relevante \u0219i s\u0103 rezoneze autentic cu valorile consumatorilor lor. A\u0219adar, vom vedea din ce \u00een ce mai multe activ\u0103ri tip Pop-up store, cafenele sau restaurante ale unor branduri care nu au neap\u0103rat legacy \u00een aceast\u0103 zon\u0103.<\/span><\/li>\n<\/ol>\n<p>&nbsp;<\/p>\n<ol start=\"5\">\n<li><span style=\"color: #000000;\"><u> Nevoia de a fi \u00een control<\/u> \u2013 Pe m\u0103sur\u0103 ce internetul ne-a l\u0103rgit orizonturile, ne-a f\u0103cut mai informa\u021bi \u0219i mai conecta\u021bi ca oric\u00e2nd. \u00cencepem s\u0103 ne d\u0103m seama c\u0103 acest lucru vine cu un cost personal foarte ridicat: accesul la datele personale. Personalizarea con\u021binutului \u0219i a produselor vine la pachet cu renun\u021barea la via\u021ba privat\u0103. GDPR s-a n\u0103scut tocmai ca o prim\u0103 ini\u021biativ\u0103 de protec\u021bie uniformizat\u0103 pentru datele personale. Putem s\u0103 avem fotografii mai dr\u0103gu\u021be pe re\u021bele sociale cu ajutorul filtrelor, putem s\u0103 primim reclame doar pe subiectele noastre de interes, avem acces la rute optimizate de trafic, putem \u0219ti unde sunt obiectele noastre la numai un click distan\u021b\u0103, avem posibili noi parteneri la un simplu swipe dreapta. Dar toate astea se rezum\u0103 la c\u00e2t este dispus consumatorul s\u0103 pl\u0103teasc\u0103 din datele lui pentru ca brandurile s\u0103 le ofere servicii, produse \u0219i con\u021binut c\u00e2t mai relevante pentru ei. A\u0219tept cu ner\u0103bdare momentul \u00een care consumatorii vor \u0219ti ce s\u0103 fac\u0103 cu aceast\u0103 moned\u0103 de schimb.<\/span><\/li>\n<\/ol>\n<h3><span style=\"color: #000000;\"><strong>Dac\u0103 ar fi s\u0103 reinterpretezi sintagma \u2013 anul 2020 va fi al\u2026 sau nu va mai fi deloc, ce ai completa? Care ar fi argumentele?\u00a0<\/strong><\/span><\/h3>\n<p><span style=\"color: #000000;\">Anul 2020 va fi, cel mai probabil, al entertainmentului publicitar. Shoppertainment, seriale de brand, muzic\u0103 \u0219i concerte f\u0103cute de branduri, tot ce se poate consuma c\u00e2t mai aproape \u0219i mai \u00eenr\u0103d\u0103cinat \u00een cultura local\u0103. Entertainmentul este noul canal de comunicare pe care brandurile \u00eel vor folosi din ce \u00een ce mai des. Sunt dou\u0103 motive pentru care cred cu t\u0103rie asta:<\/span><\/p>\n<ol>\n<li><span style=\"color: #000000;\">E un canal facil pentru consumatori. Entertainmentul este cea mai u\u0219oar\u0103 form\u0103 de informa\u021bie de digerat.<\/span><\/li>\n<li><span style=\"color: #000000;\">Brandurile au c\u0103zut din Olimp \u0219i \u00ee\u0219i dau seama c\u0103, dac\u0103 nu e\u0219ti parte din noua pop culture, practic nu exi\u0219ti. Asta le va for\u021ba s\u0103 fie mai creative, mai prezente, s\u0103 genereze cultur\u0103 prin serviciile \u0219i produsele pe care le ofer\u0103.<\/span><\/li>\n<\/ol>\n<h3><span style=\"color: #000000;\"><strong>Care a fost cel mai enervant trend din 2019? \ud83d\ude42\u00a0<\/strong><\/span><\/h3>\n<p><span style=\"color: #000000;\">Pentru mine, video-urile ASMR. Acele clipuri \u0219optite \u00een care \u021bi se prezint\u0103 acelea\u0219i func\u021bionalit\u0103\u021bi ale produsului, doar c\u0103 acum \u0219i \u00een form\u0103 \u0219optit\u0103. \ud83d\ude42<\/span><\/p>\n<p><span style=\"color: #000000;\">Folosirea trendurilor devine enervant\u0103 c\u00e2nd ele sunt scoase din contextul lor \u0219i legate de un brand doar pentru c\u0103 se poart\u0103. Comunicarea devine neautentic\u0103 \u0219i necredibil\u0103 pentru consumator dac\u0103 rezultatul este doar o campanie care sun\u0103 bine, dar nu are nicio leg\u0103tur\u0103 cu ADN-ul brandului, cu misiunea \u0219i valorile pe care le-a transmis de-a lungul timpului. Poate consumatorii nu \u0219tiu tehnic ce trend st\u0103 \u00een spatele unei campanii, dar clar au capacitatea de a vedea c\u0103 e ca o nuc\u0103 \u00een perete.<\/span><\/p>\n<h3><span style=\"color: #000000;\"><strong>S-a vorbit mult despre eco, egalitate de gen, GDPR, \u00eenc\u0103lzirea global\u0103 \u00een 2019. Ce va aduce 2020 nou \u00een acest sens, al responsabilit\u0103\u021bii sociale?\u00a0<\/strong><\/span><\/h3>\n<p><span style=\"color: #000000;\">Responsabilitatea social\u0103 este deja o normalitate. \u00cencepe s\u0103 se simt\u0103 \u0219i la noi prin toate ini\u021biativele brandurilor venite \u00een \u00eent\u00e2mpinarea consumatorilor: avem raioane \u00eentregi de produse eco, se lanseaz\u0103 colec\u021bii de haine din plastic reciclat, se colecteaz\u0103 uleiul alimentar utilizat. Deja consumatorii au \u00een\u021beles c\u0103 valul consumerist vine cu o etichet\u0103 de pre\u021b pe care nu mai sunt dispu\u0219i s\u0103 o pl\u0103teasc\u0103, iar brandurile se vor conforma sau vor disp\u0103rea de pe pia\u021b\u0103. A\u0219adar, \u00een 2020 vom vedea din ce \u00een ce mai multe ac\u021biuni asumate din partea brandurilor \u00een direc\u021bia aceasta.<\/span><\/p>\n<h3><span style=\"color: #000000;\"><strong>Anul trecut, mai multe branduri au luat pozi\u021bii politice\/ civice. Anul acesta urmeaz\u0103 dou\u0103 ture de alegeri importante \u00een Rom\u00e2nia. \u00cen ce m\u0103sur\u0103 crezi c\u0103 se vor implica brandurile?<\/strong><\/span><\/h3>\n<p><span style=\"color: #000000;\">Zona politic\u0103 a fost \u0219i este o arie alunecoas\u0103 pentru campaniile de brand. Desigur, c\u0103 vor fi ini\u021biative \u00een acest sens. Singura \u00eentrebare este dac\u0103 ini\u021biativele de brand se vor face doar pentru brand equity \u0219i awareness sau \u0219i cu asumarea c\u0103 misiunea brandului rezoneaz\u0103 \u00een mod real cu cauza cu care se asociaz\u0103. R\u0103m\u00e2ne de v\u0103zut.<\/span><\/p>\n<h3><span style=\"color: #000000;\"><strong>Conform trendwatching.com, \u00een 2020 unele branduri vor adresa problema burnout-ului \u00een r\u00e2ndul angaja\u021bilor. Se discut\u0103 \u0219i se abordeaz\u0103 acest subiect \u0219i \u00een Rom\u00e2nia?<\/strong><\/span><\/h3>\n<p><span style=\"color: #000000;\">Din p\u0103cate, \u00eenc\u0103 nu. \u00cen Rom\u00e2nia \u00eenc\u0103 este \u00een trend s\u0103 faci carier\u0103, s\u0103 \u00ee\u021bi integrezi toate aplica\u021biile de job pe telefon astfel \u00eenc\u00e2t s\u0103 po\u021bi s\u0103 lucrezi de oriunde, s\u0103 ai work from home. Toate acestea la schimb cu timpul personal (s\u0103 verifici mailuri la orice or\u0103, s\u0103 r\u0103spunzi asap, s\u0103 intri pe chat-uri de echipe sau de proiect). Linia dintre munc\u0103 \u0219i via\u021ba personal\u0103 este prea fin\u0103, cel pu\u021bin momentan, pe pia\u021ba local\u0103 pentru ca acest trend s\u0103 ia amploare acum.<\/span><\/p>\n<p><span style=\"color: #000000;\">Trendul \u00een afar\u0103 exist\u0103, depinde acum doar dac\u0103 societatea rom\u00e2neasc\u0103 are destule ancore \u00een mentalul colectiv \u00eenc\u00e2t s\u0103 creeze aceast\u0103 cerere. Tot felul de ini\u021biative (podcasturi, influenceri, sketchuri video) merg destul de mult \u00een aceast\u0103 direc\u021bie, ceea ce este un lucru grozav. Cu c\u00e2t se va vorbi mai mult pe subiect, oamenii vor \u00eencepe s\u0103 \u00ee\u0219i revizuiasc\u0103 p\u0103rerile \u0219i brandurile vor \u00eencepe s\u0103 aib\u0103 ini\u021biative \u00een direc\u021bia \u00een care merge pia\u021ba.<\/span><\/p>\n<h3><span style=\"color: #000000;\"><strong>Influencers, big\/small data, podcast, bugete. Ce schimb\u0103ri\/nout\u0103\u021bi vezi \u00een aceste zone?<\/strong><\/span><\/h3>\n<p><span style=\"color: #000000;\">Online-ul cu tot se schimb\u0103 de la zi la zi \u0219i tot ce este conex lui aduce diferen\u021be \u00een comportamente de la an la an. Ceea ce pare un viral se transform\u0103 un trend \u0219i invers. Asta pentru c\u0103 este o zon\u0103 pe care nu o putem controla \u00een mod direct. Practic, orice persoan\u0103 care are ceva de zis \u0219i o mic\u0103 strategie \u00een spate de a se face auzit poate deveni influencer de succes. Influencerii deja sunt un canal de comunicare \u00een sine, a\u0219adar cre\u0219terea \u00een zona asta va continua. Singura diferen\u021b\u0103 va fi faptul c\u0103, consumatorii sunt din ce \u00een ce mai vocali \u0219i taxeaz\u0103 asocierile nepotrivite sau neautentice dintre influenceri \u0219i brand.<\/span><\/p>\n<h3><span style=\"color: #000000;\"><strong>Care sunt trendurile din afar\u0103 din domeniul t\u0103u care nu au ajuns \u00eenc\u0103 \u00een Rom\u00e2nia? De ce?<\/strong><\/span><\/h3>\n<p><span style=\"color: #000000;\">Sunt c\u00e2teva trenduri pentru care \u00eenc\u0103 nu suntem preg\u0103ti\u021bi, cum ar fi burnout-ul \u00een r\u00e2ndul angaja\u021bilor, mental wellbeing, inteligen\u021ba artificial\u0103. Motivul este simplu: pentru anumite subiecte rom\u00e2nii \u00eenc\u0103 nu au ajuns la nivelul acela de acceptare a unor noi realit\u0103\u021bi cu care se confrunt\u0103 \u0219i folosesc \u00eenc\u0103 solu\u021biile \u0219i comportamentele cu care sunt obi\u0219nui\u021bi sau pur \u0219i simplu, infrastructura \u021b\u0103rii nu este \u00eenc\u0103 gata pentru a integra trendul. Dar, direc\u021bia de schimbare este aceea\u0219i pentru toate pie\u021bele. Doar gradul de reten\u021bie al trendului este mai mare sau mai mic \u00een func\u021bie de contextul socio-econimico-politic al \u021b\u0103rii respective.<\/span><\/p>\n<h3><span style=\"color: #000000;\"><strong>\u00cen afar\u0103 se vorbe\u0219te despre civil media (comunit\u0103\u021bi online mici, conectate \u0219i influente). Putem vorbi de un astfel de fenomen \u00een Rom\u00e2nia? Care este influen\u021ba civil media \u00een Ro vizavi de branduri?<\/strong><\/span><\/h3>\n<p><span style=\"color: #000000;\">Cum spuneam, oamenii sunt din ce \u00een ce mai vocali \u00een social media. Video stories, podcasturile \u0219i comentariile sunt la ordinea zilei, iar asta se reflect\u0103 clar \u0219i \u00een impactul asupra brandurilor. Cu c\u00e2t informa\u021bia a ajuns mai accesibil\u0103, iar platformele online s-au m\u0103rit, consumatorii \u0219i-au dat seama c\u0103 au un spa\u021biu \u00een care pot beneficia de screen time \u0219i \u00ee\u0219i pot \u00eemp\u0103rt\u0103\u0219i ideile, opiniile \u0219i feedback-ul. Am \u00eenceput s\u0103 vedem din ce \u00een ce mai mult ini\u021biative real-time din partea brandurilor vizavi de diverse comentarii ale utilizatorilor \u0219i asta e foarte bine. Comunicarea presupune cel pu\u021bin dou\u0103 p\u0103r\u021bi implicate activ, iar consumatorii au \u00eenceput s\u0103 fie activi, s\u0103 le r\u0103spund\u0103 brandurilor.<\/span><\/p>\n<h3><span style=\"color: #000000;\"><strong>2020 \u00eenseamn\u0103 accederea pe pia\u021ba muncii a primelor genera\u021bii Z. Ce impact apreciezi c\u0103 vor avea asupra industriei de comunicare? E\u0219ti preg\u0103tit\u0103 pentru noii colegi? \ud83d\ude42<\/strong><\/span><\/h3>\n<p><span style=\"color: #000000;\">De la genera\u021bie la genera\u021bie vedem schimb\u0103ri semnificative cu impact \u00een toate industriile. Este o schimbare natural\u0103 \u0219i cred c\u0103 industria de comunicare se va schimba odat\u0103 cu felul \u00een care se modific\u0103 felul \u00een care interac\u021bioneaz\u0103 oamenii. Este \u0219i firesc s\u0103 fie a\u0219a. Vom vorbi tot mai des despre mobilitatea resurselor umane, despre timp liber pentru dezvoltarea angaja\u021bilor ca plus valoare pentru companii, iar specializ\u0103rile \u00een carier\u0103 vor fi din ce \u00een ce mai rare. Genera\u021bia Z aduce \u00een c\u00e2mpul muncii o multidisciplinaritate nemaiv\u0103zut\u0103 p\u00e2n\u0103 acum \u0219i asta \u00eei face p e c\u00e2t de atractivi, pe at\u00e2t de aluneco\u0219i pentru recrutori. Noii colegi vor avea puterea s\u0103 treac\u0103 de la o specializare la alta, de la un job la altul, de a gestiona tool-uri mult mai complexe cu o vitez\u0103 mai mare dec\u00e2t oric\u00e2nd. A\u0219adar, tot ce pot spune este c\u0103 abia a\u0219tept s\u0103-mi fie colegi \u0219i s\u0103 \u00eenv\u0103\u021b de la ei c\u00e2t mai multe.<\/span><\/p>\n<p><span style=\"color: #000000;\">Sursa: https:\/\/bit.ly\/2uDuwsZ<\/span><\/p>\n","protected":false},"excerpt":{"rendered":"<p>Nevoia de a fi o versiune mai bun\u0103 a mea, nevoia de a m\u0103 distra, nevoia de a mi se simplifica via\u021ba, nevoia de a rela\u021biona cu ceilal\u021bi, nevoia de a fi \u00een control. Nevoile sunt cele care creeaz\u0103 trendurile, aminte\u0219te\u00a0Cristiana Pan\u0103, Head of Strategy [&hellip;]<\/p>\n","protected":false},"author":2,"featured_media":13579,"comment_status":"open","ping_status":"open","sticky":false,"template":"","format":"standard","meta":{"footnotes":""},"categories":[1,208,570],"tags":[],"class_list":["post-8124","post","type-post","status-publish","format-standard","has-post-thumbnail","hentry","category-home","category-media","category-advertising-en"],"yoast_head":"<!-- This site is optimized with the Yoast SEO plugin v23.5 - https:\/\/yoast.com\/wordpress\/plugins\/seo\/ -->\n<title>[Trenduri 2020] Cristiana Pan\u0103, Minio Studio: Anul acesta va fi al entertainment-ului publicitar. Seriale de brand, muzic\u0103 \u0219i concerte f\u0103cute de branduri - Minio Studio<\/title>\n<meta name=\"robots\" content=\"index, follow, max-snippet:-1, max-image-preview:large, max-video-preview:-1\" \/>\n<link rel=\"canonical\" href=\"https:\/\/minio.ro\/en\/trenduri-2020-cristiana-pana-minio-studio-anul-acesta-va-fi-al-entertainment-ului-publicitar-seriale-de-brand-muzica-si-concerte-facute-de-branduri\/\" \/>\n<meta property=\"og:locale\" content=\"en_US\" \/>\n<meta property=\"og:type\" content=\"article\" \/>\n<meta property=\"og:title\" content=\"[Trenduri 2020] Cristiana Pan\u0103, Minio Studio: Anul acesta va fi al entertainment-ului publicitar. Seriale de brand, muzic\u0103 \u0219i concerte f\u0103cute de branduri - Minio Studio\" \/>\n<meta property=\"og:description\" content=\"Nevoia de a fi o versiune mai bun\u0103 a mea, nevoia de a m\u0103 distra, nevoia de a mi se simplifica via\u021ba, nevoia de a rela\u021biona cu ceilal\u021bi, nevoia de a fi \u00een control. Nevoile sunt cele care creeaz\u0103 trendurile, aminte\u0219te\u00a0Cristiana Pan\u0103, Head of Strategy [&hellip;]\" \/>\n<meta property=\"og:url\" content=\"https:\/\/minio.ro\/en\/trenduri-2020-cristiana-pana-minio-studio-anul-acesta-va-fi-al-entertainment-ului-publicitar-seriale-de-brand-muzica-si-concerte-facute-de-branduri\/\" \/>\n<meta property=\"og:site_name\" content=\"Minio Studio\" \/>\n<meta property=\"article:published_time\" content=\"2020-02-12T12:23:04+00:00\" \/>\n<meta property=\"article:modified_time\" content=\"2022-09-20T16:17:09+00:00\" \/>\n<meta property=\"og:image\" content=\"https:\/\/minio.ro\/wp-content\/uploads\/2020\/03\/MI1921_headereTemplate_1-2_ASA_09sep22_54.jpg\" \/>\n\t<meta property=\"og:image:width\" content=\"1695\" \/>\n\t<meta property=\"og:image:height\" content=\"793\" \/>\n\t<meta property=\"og:image:type\" content=\"image\/jpeg\" \/>\n<meta name=\"author\" content=\"Andrada Ionescu\" \/>\n<meta name=\"twitter:card\" content=\"summary_large_image\" \/>\n<meta name=\"twitter:label1\" content=\"Written by\" \/>\n\t<meta name=\"twitter:data1\" content=\"Andrada Ionescu\" \/>\n\t<meta name=\"twitter:label2\" content=\"Est. reading time\" \/>\n\t<meta name=\"twitter:data2\" content=\"11 minutes\" \/>\n<script type=\"application\/ld+json\" class=\"yoast-schema-graph\">{\"@context\":\"https:\/\/schema.org\",\"@graph\":[{\"@type\":\"WebPage\",\"@id\":\"https:\/\/minio.ro\/en\/trenduri-2020-cristiana-pana-minio-studio-anul-acesta-va-fi-al-entertainment-ului-publicitar-seriale-de-brand-muzica-si-concerte-facute-de-branduri\/\",\"url\":\"https:\/\/minio.ro\/en\/trenduri-2020-cristiana-pana-minio-studio-anul-acesta-va-fi-al-entertainment-ului-publicitar-seriale-de-brand-muzica-si-concerte-facute-de-branduri\/\",\"name\":\"[Trenduri 2020] Cristiana Pan\u0103, Minio Studio: Anul acesta va fi al entertainment-ului publicitar. Seriale de brand, muzic\u0103 \u0219i concerte f\u0103cute de branduri - Minio Studio\",\"isPartOf\":{\"@id\":\"https:\/\/minio.ro\/#website\"},\"primaryImageOfPage\":{\"@id\":\"https:\/\/minio.ro\/en\/trenduri-2020-cristiana-pana-minio-studio-anul-acesta-va-fi-al-entertainment-ului-publicitar-seriale-de-brand-muzica-si-concerte-facute-de-branduri\/#primaryimage\"},\"image\":{\"@id\":\"https:\/\/minio.ro\/en\/trenduri-2020-cristiana-pana-minio-studio-anul-acesta-va-fi-al-entertainment-ului-publicitar-seriale-de-brand-muzica-si-concerte-facute-de-branduri\/#primaryimage\"},\"thumbnailUrl\":\"https:\/\/minio.ro\/wp-content\/uploads\/2020\/03\/MI1921_headereTemplate_1-2_ASA_09sep22_54.jpg\",\"datePublished\":\"2020-02-12T12:23:04+00:00\",\"dateModified\":\"2022-09-20T16:17:09+00:00\",\"author\":{\"@id\":\"https:\/\/minio.ro\/#\/schema\/person\/b42e6658da2b826baa2a0ca18906b52d\"},\"breadcrumb\":{\"@id\":\"https:\/\/minio.ro\/en\/trenduri-2020-cristiana-pana-minio-studio-anul-acesta-va-fi-al-entertainment-ului-publicitar-seriale-de-brand-muzica-si-concerte-facute-de-branduri\/#breadcrumb\"},\"inLanguage\":\"en-US\",\"potentialAction\":[{\"@type\":\"ReadAction\",\"target\":[\"https:\/\/minio.ro\/en\/trenduri-2020-cristiana-pana-minio-studio-anul-acesta-va-fi-al-entertainment-ului-publicitar-seriale-de-brand-muzica-si-concerte-facute-de-branduri\/\"]}]},{\"@type\":\"ImageObject\",\"inLanguage\":\"en-US\",\"@id\":\"https:\/\/minio.ro\/en\/trenduri-2020-cristiana-pana-minio-studio-anul-acesta-va-fi-al-entertainment-ului-publicitar-seriale-de-brand-muzica-si-concerte-facute-de-branduri\/#primaryimage\",\"url\":\"https:\/\/minio.ro\/wp-content\/uploads\/2020\/03\/MI1921_headereTemplate_1-2_ASA_09sep22_54.jpg\",\"contentUrl\":\"https:\/\/minio.ro\/wp-content\/uploads\/2020\/03\/MI1921_headereTemplate_1-2_ASA_09sep22_54.jpg\",\"width\":1695,\"height\":793},{\"@type\":\"BreadcrumbList\",\"@id\":\"https:\/\/minio.ro\/en\/trenduri-2020-cristiana-pana-minio-studio-anul-acesta-va-fi-al-entertainment-ului-publicitar-seriale-de-brand-muzica-si-concerte-facute-de-branduri\/#breadcrumb\",\"itemListElement\":[{\"@type\":\"ListItem\",\"position\":1,\"name\":\"Prima pagin\u0103\",\"item\":\"https:\/\/minio.ro\/en\/\"},{\"@type\":\"ListItem\",\"position\":2,\"name\":\"[Trenduri 2020] Cristiana Pan\u0103, Minio Studio: Anul acesta va fi al entertainment-ului publicitar. Seriale de brand, muzic\u0103 \u0219i concerte f\u0103cute de branduri\"}]},{\"@type\":\"WebSite\",\"@id\":\"https:\/\/minio.ro\/#website\",\"url\":\"https:\/\/minio.ro\/\",\"name\":\"Minio Studio\",\"description\":\"Think bigger\",\"potentialAction\":[{\"@type\":\"SearchAction\",\"target\":{\"@type\":\"EntryPoint\",\"urlTemplate\":\"https:\/\/minio.ro\/?s={search_term_string}\"},\"query-input\":{\"@type\":\"PropertyValueSpecification\",\"valueRequired\":true,\"valueName\":\"search_term_string\"}}],\"inLanguage\":\"en-US\"},{\"@type\":\"Person\",\"@id\":\"https:\/\/minio.ro\/#\/schema\/person\/b42e6658da2b826baa2a0ca18906b52d\",\"name\":\"Andrada Ionescu\",\"image\":{\"@type\":\"ImageObject\",\"inLanguage\":\"en-US\",\"@id\":\"https:\/\/minio.ro\/#\/schema\/person\/image\/\",\"url\":\"https:\/\/secure.gravatar.com\/avatar\/71fc7a560db42c45038be0c189e95fde?s=96&d=mm&r=g\",\"contentUrl\":\"https:\/\/secure.gravatar.com\/avatar\/71fc7a560db42c45038be0c189e95fde?s=96&d=mm&r=g\",\"caption\":\"Andrada Ionescu\"},\"url\":\"https:\/\/minio.ro\/en\/author\/andrada-ionescuminio-ro\/\"}]}<\/script>\n<!-- \/ Yoast SEO plugin. -->","yoast_head_json":{"title":"[Trenduri 2020] Cristiana Pan\u0103, Minio Studio: Anul acesta va fi al entertainment-ului publicitar. Seriale de brand, muzic\u0103 \u0219i concerte f\u0103cute de branduri - Minio Studio","robots":{"index":"index","follow":"follow","max-snippet":"max-snippet:-1","max-image-preview":"max-image-preview:large","max-video-preview":"max-video-preview:-1"},"canonical":"https:\/\/minio.ro\/en\/trenduri-2020-cristiana-pana-minio-studio-anul-acesta-va-fi-al-entertainment-ului-publicitar-seriale-de-brand-muzica-si-concerte-facute-de-branduri\/","og_locale":"en_US","og_type":"article","og_title":"[Trenduri 2020] Cristiana Pan\u0103, Minio Studio: Anul acesta va fi al entertainment-ului publicitar. Seriale de brand, muzic\u0103 \u0219i concerte f\u0103cute de branduri - Minio Studio","og_description":"Nevoia de a fi o versiune mai bun\u0103 a mea, nevoia de a m\u0103 distra, nevoia de a mi se simplifica via\u021ba, nevoia de a rela\u021biona cu ceilal\u021bi, nevoia de a fi \u00een control. Nevoile sunt cele care creeaz\u0103 trendurile, aminte\u0219te\u00a0Cristiana Pan\u0103, Head of Strategy [&hellip;]","og_url":"https:\/\/minio.ro\/en\/trenduri-2020-cristiana-pana-minio-studio-anul-acesta-va-fi-al-entertainment-ului-publicitar-seriale-de-brand-muzica-si-concerte-facute-de-branduri\/","og_site_name":"Minio Studio","article_published_time":"2020-02-12T12:23:04+00:00","article_modified_time":"2022-09-20T16:17:09+00:00","og_image":[{"width":1695,"height":793,"url":"https:\/\/minio.ro\/wp-content\/uploads\/2020\/03\/MI1921_headereTemplate_1-2_ASA_09sep22_54.jpg","type":"image\/jpeg"}],"author":"Andrada Ionescu","twitter_card":"summary_large_image","twitter_misc":{"Written by":"Andrada Ionescu","Est. reading time":"11 minutes"},"schema":{"@context":"https:\/\/schema.org","@graph":[{"@type":"WebPage","@id":"https:\/\/minio.ro\/en\/trenduri-2020-cristiana-pana-minio-studio-anul-acesta-va-fi-al-entertainment-ului-publicitar-seriale-de-brand-muzica-si-concerte-facute-de-branduri\/","url":"https:\/\/minio.ro\/en\/trenduri-2020-cristiana-pana-minio-studio-anul-acesta-va-fi-al-entertainment-ului-publicitar-seriale-de-brand-muzica-si-concerte-facute-de-branduri\/","name":"[Trenduri 2020] Cristiana Pan\u0103, Minio Studio: Anul acesta va fi al entertainment-ului publicitar. Seriale de brand, muzic\u0103 \u0219i concerte f\u0103cute de branduri - Minio Studio","isPartOf":{"@id":"https:\/\/minio.ro\/#website"},"primaryImageOfPage":{"@id":"https:\/\/minio.ro\/en\/trenduri-2020-cristiana-pana-minio-studio-anul-acesta-va-fi-al-entertainment-ului-publicitar-seriale-de-brand-muzica-si-concerte-facute-de-branduri\/#primaryimage"},"image":{"@id":"https:\/\/minio.ro\/en\/trenduri-2020-cristiana-pana-minio-studio-anul-acesta-va-fi-al-entertainment-ului-publicitar-seriale-de-brand-muzica-si-concerte-facute-de-branduri\/#primaryimage"},"thumbnailUrl":"https:\/\/minio.ro\/wp-content\/uploads\/2020\/03\/MI1921_headereTemplate_1-2_ASA_09sep22_54.jpg","datePublished":"2020-02-12T12:23:04+00:00","dateModified":"2022-09-20T16:17:09+00:00","author":{"@id":"https:\/\/minio.ro\/#\/schema\/person\/b42e6658da2b826baa2a0ca18906b52d"},"breadcrumb":{"@id":"https:\/\/minio.ro\/en\/trenduri-2020-cristiana-pana-minio-studio-anul-acesta-va-fi-al-entertainment-ului-publicitar-seriale-de-brand-muzica-si-concerte-facute-de-branduri\/#breadcrumb"},"inLanguage":"en-US","potentialAction":[{"@type":"ReadAction","target":["https:\/\/minio.ro\/en\/trenduri-2020-cristiana-pana-minio-studio-anul-acesta-va-fi-al-entertainment-ului-publicitar-seriale-de-brand-muzica-si-concerte-facute-de-branduri\/"]}]},{"@type":"ImageObject","inLanguage":"en-US","@id":"https:\/\/minio.ro\/en\/trenduri-2020-cristiana-pana-minio-studio-anul-acesta-va-fi-al-entertainment-ului-publicitar-seriale-de-brand-muzica-si-concerte-facute-de-branduri\/#primaryimage","url":"https:\/\/minio.ro\/wp-content\/uploads\/2020\/03\/MI1921_headereTemplate_1-2_ASA_09sep22_54.jpg","contentUrl":"https:\/\/minio.ro\/wp-content\/uploads\/2020\/03\/MI1921_headereTemplate_1-2_ASA_09sep22_54.jpg","width":1695,"height":793},{"@type":"BreadcrumbList","@id":"https:\/\/minio.ro\/en\/trenduri-2020-cristiana-pana-minio-studio-anul-acesta-va-fi-al-entertainment-ului-publicitar-seriale-de-brand-muzica-si-concerte-facute-de-branduri\/#breadcrumb","itemListElement":[{"@type":"ListItem","position":1,"name":"Prima pagin\u0103","item":"https:\/\/minio.ro\/en\/"},{"@type":"ListItem","position":2,"name":"[Trenduri 2020] Cristiana Pan\u0103, Minio Studio: Anul acesta va fi al entertainment-ului publicitar. Seriale de brand, muzic\u0103 \u0219i concerte f\u0103cute de branduri"}]},{"@type":"WebSite","@id":"https:\/\/minio.ro\/#website","url":"https:\/\/minio.ro\/","name":"Minio Studio","description":"Think bigger","potentialAction":[{"@type":"SearchAction","target":{"@type":"EntryPoint","urlTemplate":"https:\/\/minio.ro\/?s={search_term_string}"},"query-input":{"@type":"PropertyValueSpecification","valueRequired":true,"valueName":"search_term_string"}}],"inLanguage":"en-US"},{"@type":"Person","@id":"https:\/\/minio.ro\/#\/schema\/person\/b42e6658da2b826baa2a0ca18906b52d","name":"Andrada Ionescu","image":{"@type":"ImageObject","inLanguage":"en-US","@id":"https:\/\/minio.ro\/#\/schema\/person\/image\/","url":"https:\/\/secure.gravatar.com\/avatar\/71fc7a560db42c45038be0c189e95fde?s=96&d=mm&r=g","contentUrl":"https:\/\/secure.gravatar.com\/avatar\/71fc7a560db42c45038be0c189e95fde?s=96&d=mm&r=g","caption":"Andrada Ionescu"},"url":"https:\/\/minio.ro\/en\/author\/andrada-ionescuminio-ro\/"}]}},"_links":{"self":[{"href":"https:\/\/minio.ro\/en\/wp-json\/wp\/v2\/posts\/8124"}],"collection":[{"href":"https:\/\/minio.ro\/en\/wp-json\/wp\/v2\/posts"}],"about":[{"href":"https:\/\/minio.ro\/en\/wp-json\/wp\/v2\/types\/post"}],"author":[{"embeddable":true,"href":"https:\/\/minio.ro\/en\/wp-json\/wp\/v2\/users\/2"}],"replies":[{"embeddable":true,"href":"https:\/\/minio.ro\/en\/wp-json\/wp\/v2\/comments?post=8124"}],"version-history":[{"count":4,"href":"https:\/\/minio.ro\/en\/wp-json\/wp\/v2\/posts\/8124\/revisions"}],"predecessor-version":[{"id":13429,"href":"https:\/\/minio.ro\/en\/wp-json\/wp\/v2\/posts\/8124\/revisions\/13429"}],"wp:featuredmedia":[{"embeddable":true,"href":"https:\/\/minio.ro\/en\/wp-json\/wp\/v2\/media\/13579"}],"wp:attachment":[{"href":"https:\/\/minio.ro\/en\/wp-json\/wp\/v2\/media?parent=8124"}],"wp:term":[{"taxonomy":"category","embeddable":true,"href":"https:\/\/minio.ro\/en\/wp-json\/wp\/v2\/categories?post=8124"},{"taxonomy":"post_tag","embeddable":true,"href":"https:\/\/minio.ro\/en\/wp-json\/wp\/v2\/tags?post=8124"}],"curies":[{"name":"wp","href":"https:\/\/api.w.org\/{rel}","templated":true}]}}