{"id":8148,"date":"2019-11-15T12:13:45","date_gmt":"2019-11-15T12:13:45","guid":{"rendered":"https:\/\/www.minio.ro\/?p=8148"},"modified":"2022-09-20T20:54:04","modified_gmt":"2022-09-20T17:54:04","slug":"minio-studio-agentia-care-pune-campionii-paralimpici-in-lumina-reflectoarelor","status":"publish","type":"post","link":"https:\/\/minio.ro\/en\/minio-studio-agentia-care-pune-campionii-paralimpici-in-lumina-reflectoarelor\/","title":{"rendered":"Minio Studio, agen\u021bia care pune campionii paralimpici \u00een lumina reflectoarelor"},"content":{"rendered":"<div id=\"bsf_rt_marker\"><\/div><div class=\"wpb-content-wrapper\"><p>[vc_row][vc_column][vc_column_text]<em>Agen\u021bia de comunicare integrat\u0103\u00a0<a href=\"https:\/\/dev.minio.ro\/\">Minio Studio<\/a>\u00a0a realizat campania \u201dCunoa\u0219te-\u021bi campionii!\u201d, prin intermediul c\u0103reia retailerul de mobil\u0103 \u0219i decora\u021biuni interioare JYSK \u0219i Comitetul Na\u021bional Paralimpic \u00ee\u0219i propun s\u0103 aduc\u0103 \u00een fa\u021ba publicului sportivii paralimpici.<\/em>[\/vc_column_text][\/vc_column][\/vc_row][vc_row][vc_column][vc_column_text]Minio continu\u0103 colaborarea cu JYSK \u0219i Comitetul Na\u021bional Paralimpic, desf\u0103\u0219ur\u00e2nd o nou\u0103 campanie care are ca protagoni\u0219ti sportivi cu dizabilit\u0103\u021bi.<\/p>\n<p>Dup\u0103 succesul campaniei de responsabilitate social\u0103 #NICIOSCUZ\u0102 din 2018, prin care au motivat oamenii s\u0103 fac\u0103 sport folosind ca principal argument pove\u0219tile a trei sportivi cu dizabilit\u0103\u021bi, JYSK \u0219i Minio vor acum s\u0103 aduc\u0103 \u00een lumina reflectoarelor sportivii care lupt\u0103 cu \u00eend\u00e2rjire zi de zi pentru a se califica la Jocurile Paralimpice de la Tokyo ori la alte competi\u021bii majore.<\/p>\n<p>Protagoni\u0219tii campaniei sunt patru dintre cei mai buni sportivi paralimpici din \u021bara noastr\u0103,\u00a0<strong>Alex Bologa<\/strong>\u00a0(judo),\u00a0<strong>Octavian Tucaliuc<\/strong>\u00a0(atletism),\u00a0<strong>Florentina Hri\u0219cu<\/strong>\u00a0(atletism) \u0219i\u00a0<strong>Ciprian Anton<\/strong>\u00a0(tenis \u00een scaun rulant), al\u0103turi de echipa de goalball a Rom\u00e2niei.<\/p>\n<p>&nbsp;<\/p>\n<p>To\u021bi sunt sportivi care fac eforturi substan\u021biale zi de zi pentru a se p\u0103stra \u00een elit\u0103, iar JYSK dore\u0219te s\u0103 \u00eei aduc\u0103 \u00een prim-plan \u0219i invit\u0103 publicul larg s\u0103 \u00eei sus\u021bin\u0103 \u00een competi\u021bii.<\/p>\n<p>Realizat de Minio ca parte integrant\u0103 a campaniei, noul website al Comitetului Na\u021bional Paralimpic,\u00a0<a href=\"https:\/\/www.paralimpicromania.ro\/\">ParalimpicRomania.ro<\/a>, va deveni principalul mediu de informare a publicului cu privire la competi\u021biile la care particip\u0103 sportivii paralimpici.<\/p>\n<p><em>&#8220;Pentru noi, sportivii cu dizabilit\u0103\u021bi au devenit modele de urmat, o real\u0103 inspiratie. Avem colegi care s-au apucat de sport datorit\u0103 lor. De aceea, ne bucur\u0103m de fiecare dat\u0103 c\u00e2nd avem ocazia s\u0103 ne punem creativitatea \u00een slujba unor astfel de proiecte. \u00cen acest sens, apreciem mult dedicarea real\u0103 fa\u021b\u0103 de aceast\u0103 cauz\u0103 a echipei JYSK \u0219i eforturile acesteia pentru a sus\u021bine sportivii paralimpici pe drumul spre performan\u021b\u0103.&#8221;, a declarat\u00a0<strong>Ioana Mucenic<\/strong>\u00a0(CEO Minio Studio).<\/em><\/p>\n<p>&nbsp;<\/p>\n<p><em>&#8220;Prin acest\u0103 campanie ne-am propus s\u0103 facem cunoscute rezultatele pe care sportivii paralimpici le au la nivel interna\u021bional, \u00een competi\u021bii de anvergur\u0103. De\u0219i muncesc la fel de mult ca orice alt sportiv de performan\u021b\u0103 \u0219i aduc medalii valoroase, reprezent\u00e2nd cu brio Rom\u00e2nia \u00een afara \u021b\u0103rii, sportivii paralimpici nu sunt cunoscu\u021bi \u00eendeajuns de mult. Primul pas a fost ca, al\u0103turi de Minio, s\u0103 refacem site-ul Comitetului Paralimpic, astfel \u00eenc\u00e2t s\u0103 scoatem mai bine \u00een eviden\u021b\u0103 rezultatele sportivilor. Ei merit\u0103 din plin aplauzele \u0219i sus\u021binerea noastr\u0103, au trecut peste greut\u0103\u021bi \u0219i, prin munc\u0103, au reu\u0219it performan\u021be l\u0103udabile.&#8221;, a declarat\u00a0<strong>Alex Bratu\u00a0<\/strong>(Country Manager JYSK Rom\u00e2nia \u0219i Bulgaria).<\/em><\/p>\n<p>Campania \u201dCunoa\u0219te-\u021bi campionii!\u201d va fi comunicat\u0103 \u0219i \u00een 2020, av\u00e2nd \u00een vedere c\u0103 la finalul lunii august va \u00eencepe Paralimpiada de la Tokyo, acolo unde sper\u0103m s\u0103 avem c\u00e2t mai mul\u021bi sportivi rom\u00e2ni califica\u021bi.<\/p>\n<p>JYSK Rom\u00e2nia a devenit sponsorul oficial al Comitetului Na\u021bional Paralimpic \u00een iulie 2017, semn\u00e2nd un contract pe trei ani. Anul urm\u0103tor, compania \u0219i-a dublat sprijinul acordat sportivilor cu dizabilit\u0103\u021bi, don\u00e2nd 400.000 de lei anual c\u0103tre Comitetul Na\u021bional Paralimpic Rom\u00e2n.<\/p>\n<p>\u00cen Danemarca, JYSK sus\u021bine sportivii cu dizabilit\u0103\u021bi de 30 de ani, \u00eenc\u0103 din anul 1989. Sprijinirea sportivilor paralimpici este principala direc\u021bie CSR a grupului. JYSK sus\u021bine sportivii paralimpici \u00een Danemarca, Norvegia, Suedia, Finlanda, Republica Ceh\u0103, Slovacia \u0219i Rom\u00e2nia.<\/p>\n<p>Minio Studio a \u00eenceput colaborarea cu JYSK odat\u0103 cu campania #NICIOSCUZ\u0102 de la \u00eenceputul lui 2018, care a ob\u021binut dou\u0103 premii la Romanian PR Award: Golden Award for Excellence \u00een categoria Sport &amp; Entertainment \u0219i Diplom\u0103 de excelen\u021b\u0103 pentru sponsorship.<\/p>\n<h2><strong>Echipa proiectului:<\/strong><\/h2>\n<p><strong>MINIO STUDIO<\/strong><br \/>\nOana Lupu &#8211; Account Manager<br \/>\nMarius Cioroab\u0103 \u2013 Senior Copywriter<br \/>\nCosmina Chelariu \u2013 Junior Copywriter<br \/>\nMarius Marin \u2013 PR Manager<br \/>\nAlina Calfa \u2013 Art Director<br \/>\nC\u0103lin Ionescu \u2013\u00a0\u00a0Head of Accounts<br \/>\nPaul Cotor \u2013 Head of Creatives<br \/>\nIoana Mucenic \u2013 CEO<\/p>\n<p><strong>JYSK ROM\u00c2NIA<\/strong><br \/>\nAlex Bratu &#8211; Country Manager JYSK Rom\u00e2nia &amp; Bulgaria<br \/>\nIraida Paiuc &#8211; Sales &amp; Marketing JYSK Manager Rom\u00e2nia &amp; Bulgaria<br \/>\nRaluca Dasc\u0103lu &#8211; Communications and PR Manager JYSK Rom\u00e2nia<\/p>\n<p><strong>COMITETUL PARALIMPIC ROM\u00c2N<\/strong><br \/>\nSally-Wood Lamont \u2013 Pre\u0219edinte Comitetul Na\u021bional Paralimpic Rom\u00e2n<br \/>\nCiprian Anton \u2013 Vicepre\u0219edinte Comitetul Na\u021bional Paralimpic Rom\u00e2n<\/p>\n<p>Sursa: <a href=\"https:\/\/bit.ly\/2TyHcK3\">https:\/\/bit.ly\/2TyHcK3<\/a>[\/vc_column_text][\/vc_column][\/vc_row]<\/p>\n<\/div>","protected":false},"excerpt":{"rendered":"<p>[vc_row][vc_column][vc_column_text]Agen\u021bia de comunicare integrat\u0103\u00a0Minio Studio\u00a0a realizat campania \u201dCunoa\u0219te-\u021bi campionii!\u201d, prin intermediul c\u0103reia retailerul de mobil\u0103 \u0219i decora\u021biuni interioare JYSK \u0219i Comitetul Na\u021bional Paralimpic \u00ee\u0219i propun s\u0103 aduc\u0103 \u00een fa\u021ba publicului sportivii paralimpici.[\/vc_column_text][\/vc_column][\/vc_row][vc_row][vc_column][vc_column_text]Minio continu\u0103 colaborarea cu JYSK \u0219i Comitetul Na\u021bional Paralimpic, desf\u0103\u0219ur\u00e2nd o nou\u0103 campanie care [&hellip;]<\/p>\n","protected":false},"author":2,"featured_media":13679,"comment_status":"open","ping_status":"open","sticky":false,"template":"","format":"standard","meta":{"footnotes":""},"categories":[1,208],"tags":[],"class_list":["post-8148","post","type-post","status-publish","format-standard","has-post-thumbnail","hentry","category-home","category-media"],"yoast_head":"<!-- This site is optimized with the Yoast SEO plugin v23.5 - https:\/\/yoast.com\/wordpress\/plugins\/seo\/ -->\n<title>Minio Studio, agen\u021bia care pune campionii paralimpici \u00een lumina reflectoarelor - Minio Studio<\/title>\n<meta name=\"robots\" content=\"index, follow, max-snippet:-1, max-image-preview:large, max-video-preview:-1\" \/>\n<link rel=\"canonical\" href=\"https:\/\/minio.ro\/en\/minio-studio-agentia-care-pune-campionii-paralimpici-in-lumina-reflectoarelor\/\" \/>\n<meta property=\"og:locale\" content=\"en_US\" \/>\n<meta property=\"og:type\" content=\"article\" \/>\n<meta property=\"og:title\" content=\"Minio Studio, agen\u021bia care pune campionii paralimpici \u00een lumina reflectoarelor - Minio Studio\" \/>\n<meta property=\"og:description\" content=\"[vc_row][vc_column][vc_column_text]Agen\u021bia de comunicare integrat\u0103\u00a0Minio Studio\u00a0a realizat campania \u201dCunoa\u0219te-\u021bi campionii!\u201d, prin intermediul c\u0103reia retailerul de mobil\u0103 \u0219i decora\u021biuni interioare JYSK \u0219i Comitetul Na\u021bional Paralimpic \u00ee\u0219i propun s\u0103 aduc\u0103 \u00een fa\u021ba publicului sportivii paralimpici.[\/vc_column_text][\/vc_column][\/vc_row][vc_row][vc_column][vc_column_text]Minio continu\u0103 colaborarea cu JYSK \u0219i Comitetul Na\u021bional Paralimpic, desf\u0103\u0219ur\u00e2nd o nou\u0103 campanie care [&hellip;]\" \/>\n<meta property=\"og:url\" content=\"https:\/\/minio.ro\/en\/minio-studio-agentia-care-pune-campionii-paralimpici-in-lumina-reflectoarelor\/\" \/>\n<meta property=\"og:site_name\" content=\"Minio Studio\" \/>\n<meta property=\"article:published_time\" content=\"2019-11-15T12:13:45+00:00\" \/>\n<meta property=\"article:modified_time\" content=\"2022-09-20T17:54:04+00:00\" \/>\n<meta property=\"og:image\" content=\"https:\/\/minio.ro\/wp-content\/uploads\/2019\/11\/MI1921_headereTemplate_1-2_ASA_09sep22_22.jpg\" \/>\n\t<meta property=\"og:image:width\" content=\"1695\" \/>\n\t<meta property=\"og:image:height\" content=\"793\" \/>\n\t<meta property=\"og:image:type\" content=\"image\/jpeg\" \/>\n<meta name=\"author\" content=\"Andrada Ionescu\" \/>\n<meta name=\"twitter:card\" content=\"summary_large_image\" \/>\n<meta name=\"twitter:label1\" content=\"Written by\" \/>\n\t<meta name=\"twitter:data1\" content=\"Andrada Ionescu\" \/>\n\t<meta name=\"twitter:label2\" content=\"Est. reading time\" \/>\n\t<meta name=\"twitter:data2\" content=\"4 minutes\" \/>\n<script type=\"application\/ld+json\" class=\"yoast-schema-graph\">{\"@context\":\"https:\/\/schema.org\",\"@graph\":[{\"@type\":\"WebPage\",\"@id\":\"https:\/\/minio.ro\/en\/minio-studio-agentia-care-pune-campionii-paralimpici-in-lumina-reflectoarelor\/\",\"url\":\"https:\/\/minio.ro\/en\/minio-studio-agentia-care-pune-campionii-paralimpici-in-lumina-reflectoarelor\/\",\"name\":\"Minio Studio, agen\u021bia care pune campionii paralimpici \u00een lumina reflectoarelor - Minio Studio\",\"isPartOf\":{\"@id\":\"https:\/\/minio.ro\/#website\"},\"primaryImageOfPage\":{\"@id\":\"https:\/\/minio.ro\/en\/minio-studio-agentia-care-pune-campionii-paralimpici-in-lumina-reflectoarelor\/#primaryimage\"},\"image\":{\"@id\":\"https:\/\/minio.ro\/en\/minio-studio-agentia-care-pune-campionii-paralimpici-in-lumina-reflectoarelor\/#primaryimage\"},\"thumbnailUrl\":\"https:\/\/minio.ro\/wp-content\/uploads\/2019\/11\/MI1921_headereTemplate_1-2_ASA_09sep22_22.jpg\",\"datePublished\":\"2019-11-15T12:13:45+00:00\",\"dateModified\":\"2022-09-20T17:54:04+00:00\",\"author\":{\"@id\":\"https:\/\/minio.ro\/#\/schema\/person\/b42e6658da2b826baa2a0ca18906b52d\"},\"breadcrumb\":{\"@id\":\"https:\/\/minio.ro\/en\/minio-studio-agentia-care-pune-campionii-paralimpici-in-lumina-reflectoarelor\/#breadcrumb\"},\"inLanguage\":\"en-US\",\"potentialAction\":[{\"@type\":\"ReadAction\",\"target\":[\"https:\/\/minio.ro\/en\/minio-studio-agentia-care-pune-campionii-paralimpici-in-lumina-reflectoarelor\/\"]}]},{\"@type\":\"ImageObject\",\"inLanguage\":\"en-US\",\"@id\":\"https:\/\/minio.ro\/en\/minio-studio-agentia-care-pune-campionii-paralimpici-in-lumina-reflectoarelor\/#primaryimage\",\"url\":\"https:\/\/minio.ro\/wp-content\/uploads\/2019\/11\/MI1921_headereTemplate_1-2_ASA_09sep22_22.jpg\",\"contentUrl\":\"https:\/\/minio.ro\/wp-content\/uploads\/2019\/11\/MI1921_headereTemplate_1-2_ASA_09sep22_22.jpg\",\"width\":1695,\"height\":793},{\"@type\":\"BreadcrumbList\",\"@id\":\"https:\/\/minio.ro\/en\/minio-studio-agentia-care-pune-campionii-paralimpici-in-lumina-reflectoarelor\/#breadcrumb\",\"itemListElement\":[{\"@type\":\"ListItem\",\"position\":1,\"name\":\"Prima pagin\u0103\",\"item\":\"https:\/\/minio.ro\/en\/\"},{\"@type\":\"ListItem\",\"position\":2,\"name\":\"Minio Studio, agen\u021bia care pune campionii paralimpici \u00een lumina reflectoarelor\"}]},{\"@type\":\"WebSite\",\"@id\":\"https:\/\/minio.ro\/#website\",\"url\":\"https:\/\/minio.ro\/\",\"name\":\"Minio Studio\",\"description\":\"Think bigger\",\"potentialAction\":[{\"@type\":\"SearchAction\",\"target\":{\"@type\":\"EntryPoint\",\"urlTemplate\":\"https:\/\/minio.ro\/?s={search_term_string}\"},\"query-input\":{\"@type\":\"PropertyValueSpecification\",\"valueRequired\":true,\"valueName\":\"search_term_string\"}}],\"inLanguage\":\"en-US\"},{\"@type\":\"Person\",\"@id\":\"https:\/\/minio.ro\/#\/schema\/person\/b42e6658da2b826baa2a0ca18906b52d\",\"name\":\"Andrada Ionescu\",\"image\":{\"@type\":\"ImageObject\",\"inLanguage\":\"en-US\",\"@id\":\"https:\/\/minio.ro\/#\/schema\/person\/image\/\",\"url\":\"https:\/\/secure.gravatar.com\/avatar\/71fc7a560db42c45038be0c189e95fde?s=96&d=mm&r=g\",\"contentUrl\":\"https:\/\/secure.gravatar.com\/avatar\/71fc7a560db42c45038be0c189e95fde?s=96&d=mm&r=g\",\"caption\":\"Andrada Ionescu\"},\"url\":\"https:\/\/minio.ro\/en\/author\/andrada-ionescuminio-ro\/\"}]}<\/script>\n<!-- \/ Yoast SEO plugin. -->","yoast_head_json":{"title":"Minio Studio, agen\u021bia care pune campionii paralimpici \u00een lumina reflectoarelor - Minio Studio","robots":{"index":"index","follow":"follow","max-snippet":"max-snippet:-1","max-image-preview":"max-image-preview:large","max-video-preview":"max-video-preview:-1"},"canonical":"https:\/\/minio.ro\/en\/minio-studio-agentia-care-pune-campionii-paralimpici-in-lumina-reflectoarelor\/","og_locale":"en_US","og_type":"article","og_title":"Minio Studio, agen\u021bia care pune campionii paralimpici \u00een lumina reflectoarelor - Minio Studio","og_description":"[vc_row][vc_column][vc_column_text]Agen\u021bia de comunicare integrat\u0103\u00a0Minio Studio\u00a0a realizat campania \u201dCunoa\u0219te-\u021bi campionii!\u201d, prin intermediul c\u0103reia retailerul de mobil\u0103 \u0219i decora\u021biuni interioare JYSK \u0219i Comitetul Na\u021bional Paralimpic \u00ee\u0219i propun s\u0103 aduc\u0103 \u00een fa\u021ba publicului sportivii paralimpici.[\/vc_column_text][\/vc_column][\/vc_row][vc_row][vc_column][vc_column_text]Minio continu\u0103 colaborarea cu JYSK \u0219i Comitetul Na\u021bional Paralimpic, desf\u0103\u0219ur\u00e2nd o nou\u0103 campanie care [&hellip;]","og_url":"https:\/\/minio.ro\/en\/minio-studio-agentia-care-pune-campionii-paralimpici-in-lumina-reflectoarelor\/","og_site_name":"Minio Studio","article_published_time":"2019-11-15T12:13:45+00:00","article_modified_time":"2022-09-20T17:54:04+00:00","og_image":[{"width":1695,"height":793,"url":"https:\/\/minio.ro\/wp-content\/uploads\/2019\/11\/MI1921_headereTemplate_1-2_ASA_09sep22_22.jpg","type":"image\/jpeg"}],"author":"Andrada Ionescu","twitter_card":"summary_large_image","twitter_misc":{"Written by":"Andrada Ionescu","Est. reading time":"4 minutes"},"schema":{"@context":"https:\/\/schema.org","@graph":[{"@type":"WebPage","@id":"https:\/\/minio.ro\/en\/minio-studio-agentia-care-pune-campionii-paralimpici-in-lumina-reflectoarelor\/","url":"https:\/\/minio.ro\/en\/minio-studio-agentia-care-pune-campionii-paralimpici-in-lumina-reflectoarelor\/","name":"Minio Studio, agen\u021bia care pune campionii paralimpici \u00een lumina reflectoarelor - Minio Studio","isPartOf":{"@id":"https:\/\/minio.ro\/#website"},"primaryImageOfPage":{"@id":"https:\/\/minio.ro\/en\/minio-studio-agentia-care-pune-campionii-paralimpici-in-lumina-reflectoarelor\/#primaryimage"},"image":{"@id":"https:\/\/minio.ro\/en\/minio-studio-agentia-care-pune-campionii-paralimpici-in-lumina-reflectoarelor\/#primaryimage"},"thumbnailUrl":"https:\/\/minio.ro\/wp-content\/uploads\/2019\/11\/MI1921_headereTemplate_1-2_ASA_09sep22_22.jpg","datePublished":"2019-11-15T12:13:45+00:00","dateModified":"2022-09-20T17:54:04+00:00","author":{"@id":"https:\/\/minio.ro\/#\/schema\/person\/b42e6658da2b826baa2a0ca18906b52d"},"breadcrumb":{"@id":"https:\/\/minio.ro\/en\/minio-studio-agentia-care-pune-campionii-paralimpici-in-lumina-reflectoarelor\/#breadcrumb"},"inLanguage":"en-US","potentialAction":[{"@type":"ReadAction","target":["https:\/\/minio.ro\/en\/minio-studio-agentia-care-pune-campionii-paralimpici-in-lumina-reflectoarelor\/"]}]},{"@type":"ImageObject","inLanguage":"en-US","@id":"https:\/\/minio.ro\/en\/minio-studio-agentia-care-pune-campionii-paralimpici-in-lumina-reflectoarelor\/#primaryimage","url":"https:\/\/minio.ro\/wp-content\/uploads\/2019\/11\/MI1921_headereTemplate_1-2_ASA_09sep22_22.jpg","contentUrl":"https:\/\/minio.ro\/wp-content\/uploads\/2019\/11\/MI1921_headereTemplate_1-2_ASA_09sep22_22.jpg","width":1695,"height":793},{"@type":"BreadcrumbList","@id":"https:\/\/minio.ro\/en\/minio-studio-agentia-care-pune-campionii-paralimpici-in-lumina-reflectoarelor\/#breadcrumb","itemListElement":[{"@type":"ListItem","position":1,"name":"Prima pagin\u0103","item":"https:\/\/minio.ro\/en\/"},{"@type":"ListItem","position":2,"name":"Minio Studio, agen\u021bia care pune campionii paralimpici \u00een lumina reflectoarelor"}]},{"@type":"WebSite","@id":"https:\/\/minio.ro\/#website","url":"https:\/\/minio.ro\/","name":"Minio Studio","description":"Think bigger","potentialAction":[{"@type":"SearchAction","target":{"@type":"EntryPoint","urlTemplate":"https:\/\/minio.ro\/?s={search_term_string}"},"query-input":{"@type":"PropertyValueSpecification","valueRequired":true,"valueName":"search_term_string"}}],"inLanguage":"en-US"},{"@type":"Person","@id":"https:\/\/minio.ro\/#\/schema\/person\/b42e6658da2b826baa2a0ca18906b52d","name":"Andrada Ionescu","image":{"@type":"ImageObject","inLanguage":"en-US","@id":"https:\/\/minio.ro\/#\/schema\/person\/image\/","url":"https:\/\/secure.gravatar.com\/avatar\/71fc7a560db42c45038be0c189e95fde?s=96&d=mm&r=g","contentUrl":"https:\/\/secure.gravatar.com\/avatar\/71fc7a560db42c45038be0c189e95fde?s=96&d=mm&r=g","caption":"Andrada Ionescu"},"url":"https:\/\/minio.ro\/en\/author\/andrada-ionescuminio-ro\/"}]}},"_links":{"self":[{"href":"https:\/\/minio.ro\/en\/wp-json\/wp\/v2\/posts\/8148"}],"collection":[{"href":"https:\/\/minio.ro\/en\/wp-json\/wp\/v2\/posts"}],"about":[{"href":"https:\/\/minio.ro\/en\/wp-json\/wp\/v2\/types\/post"}],"author":[{"embeddable":true,"href":"https:\/\/minio.ro\/en\/wp-json\/wp\/v2\/users\/2"}],"replies":[{"embeddable":true,"href":"https:\/\/minio.ro\/en\/wp-json\/wp\/v2\/comments?post=8148"}],"version-history":[{"count":1,"href":"https:\/\/minio.ro\/en\/wp-json\/wp\/v2\/posts\/8148\/revisions"}],"predecessor-version":[{"id":8151,"href":"https:\/\/minio.ro\/en\/wp-json\/wp\/v2\/posts\/8148\/revisions\/8151"}],"wp:featuredmedia":[{"embeddable":true,"href":"https:\/\/minio.ro\/en\/wp-json\/wp\/v2\/media\/13679"}],"wp:attachment":[{"href":"https:\/\/minio.ro\/en\/wp-json\/wp\/v2\/media?parent=8148"}],"wp:term":[{"taxonomy":"category","embeddable":true,"href":"https:\/\/minio.ro\/en\/wp-json\/wp\/v2\/categories?post=8148"},{"taxonomy":"post_tag","embeddable":true,"href":"https:\/\/minio.ro\/en\/wp-json\/wp\/v2\/tags?post=8148"}],"curies":[{"name":"wp","href":"https:\/\/api.w.org\/{rel}","templated":true}]}}