{"id":8317,"date":"2020-03-04T16:41:02","date_gmt":"2020-03-04T16:41:02","guid":{"rendered":"https:\/\/www.minio.ro\/?p=8317"},"modified":"2022-09-20T19:15:53","modified_gmt":"2022-09-20T16:15:53","slug":"minio-studio-anunta-cel-mai-mare-departament-de-strategie-al-unei-agentii-locale-independente","status":"publish","type":"post","link":"https:\/\/minio.ro\/en\/minio-studio-anunta-cel-mai-mare-departament-de-strategie-al-unei-agentii-locale-independente\/","title":{"rendered":"Minio Studio anun\u021b\u0103 cel mai mare departament de strategie al unei agen\u021bii locale independente"},"content":{"rendered":"<div id=\"bsf_rt_marker\"><\/div><div class=\"wpb-content-wrapper\"><p>[vc_row][vc_column][vc_column_text]<strong>Minio Studio<\/strong>, agen\u021bie de comunicare integrat\u0103, \u00ee\u0219i extinde departamentul de strategie, av\u00e2nd astfel cea mai mare echip\u0103 de strategie a unei agen\u021bii locale independente. <strong>Din cei 23 de profesioni\u0219ti ai agen\u021biei, 5 sunt dedica\u021bi activit\u0103\u021bilor de strategie creativ\u0103.<\/strong><\/p>\n<p><strong><em><u>Echipa de Strategie <\/u><\/em><\/strong><\/p>\n<p>Noua echip\u0103 este una mixt\u0103, format\u0103 din speciali\u0219ti cu expertize complementare.<\/p>\n<ul>\n<li><a href=\"https:\/\/dev.minio.ro\/team-member\/cristiana-pana\/\"><strong>Cristiana Pan\u0103<\/strong><\/a> conduce departamentul din pozi\u021bia de <strong>Head of Strategy &amp; Growth<\/strong>. Cu peste 7 ani de experien\u021b\u0103, Cristiana aduce un mix magic \u00eentre g\u00e2ndire logic\u0103, creativitate \u0219i empatie, care se traduce \u00eentr-o viziune strategic\u0103 integrat\u0103.<\/li>\n<li><a href=\"https:\/\/dev.minio.ro\/team-member\/ilinca-valeanu\/\"><strong>Ilinca V\u0103leanu<\/strong><\/a>, <strong>Integrated Communication Manager<\/strong>, are un rol activ \u00een a seta direc\u021bia corect\u0103 a campaniilor agen\u021biei, pornind de la obiective pe care le monitorizeaz\u0103 pe tot parcursul proiectului.<\/li>\n<li><a href=\"https:\/\/dev.minio.ro\/team-member\/andrada-ionescu\/\"><strong>Andrada Ionescu<\/strong><\/a>, <strong>Junior Digital Strategist<\/strong>, este un exponent al Genera\u021biei Z \u2013 pasionat\u0103 de mediul digital, curioas\u0103, energic\u0103 \u0219i cu un Master \u00een Marketing la Lancaster University, UK.<\/li>\n<li><a href=\"https:\/\/dev.minio.ro\/team-member\/marius-marin\/\"><strong>Marius Marin<\/strong><\/a>, <strong>Reputation Manager<\/strong>, gestioneaz\u0103 aspectele de comunicare \u0219i amplificare ale proiectelor, asigur\u00e2ndu-se c\u0103 vor genera impactul dorit.<\/li>\n<li><a href=\"https:\/\/dev.minio.ro\/team-member\/paul-cotor\/\"><strong>Paul Cotor<\/strong><\/a><strong>, Head of Creatives,<\/strong> preia temporar un dublu rol, ad\u0103ug\u00e2nd \u0219i func\u021bia de <strong>Innovation Designer<\/strong>. Paul este mereu la curent cu cele mai noi tehnologii, iar abilit\u0103\u021bile sale multiple (design, video, UX &amp; tech) completeaz\u0103 perfect echipa.<\/li>\n<\/ul>\n<p>Expertiza strategic\u0103 este asigurat\u0103 \u0219i de Ioana Mucenic, CEO al agen\u021biei, strateg ca formare profesional\u0103, cu o ampl\u0103 experien\u021b\u0103 de 15 ani. Membrii echipei au diferite certific\u0103ri care le-au consolidat know-how-ul, precum Design Thinking, Service Design Thinking, Neuromarketing \u0219i Creative Leadership.<\/p>\n<p>Noua structur\u0103 vine s\u0103 sus\u021bin\u0103 pozi\u021bionarea agen\u021biei ca un studio de creativitate strategic\u0103, despre care pute\u021bi g\u0103si detalii aici: <a href=\"https:\/\/dev.minio.ro\/services\"><strong>dev.minio.ro\/services<\/strong><\/a>.<\/p>\n<p>[\/vc_column_text][vc_empty_space][\/vc_column][\/vc_row][vc_row][vc_column][vc_single_image image=&#8221;8320&#8243; img_size=&#8221;full&#8221;][\/vc_column][\/vc_row][vc_row][vc_column][vc_column_text]<strong><em><u>Ce \u00eenseamn\u0103 acest lucru pentru clien\u021bii Minio Studio?<\/u><\/em><\/strong><\/p>\n<p>Odat\u0103 cu cre\u0219terea dinamicii de schimbare social\u0103, a rolului milenialilor \u0219i a Genera\u021biei Z, cu multitudinea de platforme de comunicare, multe branduri se confrunt\u0103 cu \u00eentreb\u0103ri precum:<\/p>\n<ul>\n<li>\u201eCum putem s\u0103 fim relevan\u021bi pentru noile genera\u021bii?\u201d<\/li>\n<li>\u201eCum ar trebui s\u0103 ne ajust\u0103m strategia de comunicare din perspectiva mixului de canale?\u201c<\/li>\n<li>\u201eCum putem s\u0103 m\u0103sur\u0103m mai bine rezultatele ini\u021biativelor de Comunicare? Cum putem cuantifica impactul investi\u021biilor noastre \u00een noile canale sau trenduri?\u201d<\/li>\n<li>\u201eDe ce nu mai r\u0103spund consumatorii mei la ini\u021biativele care func\u021bionau? Cum \u00eei pot \u00een\u021belege mai bine?\u201d<\/li>\n<li>\u201eCum putem s\u0103 ne cre\u0219tem brandul \u0219i v\u00e2nz\u0103rile \u00een contextul curent at\u00e2t de aglomerat?\u201d<\/li>\n<li>\u201eCum pot s\u0103 \u0219tiu dac\u0103 aceast\u0103 campanie \u00eei va atrage aten\u021bia shopperului \u00een magazin?\u201d<\/li>\n<li>\u201eCum pot s\u0103 eficientizez investi\u021bia de media prin creative sau mesaje mai de impact?\u201c<\/li>\n<\/ul>\n<p>Acestea sunt \u00eentreb\u0103rile la care Minio Studio \u00ee\u0219i propune s\u0103 g\u0103seasc\u0103 r\u0103spunsuri personalizate pentru fiecare client, s\u0103 le transforme \u00een mesaje creative \u0219i s\u0103 dezvolte campanii de comunicare cu impact real.<\/p>\n<p><strong><em><u>Viziunea strategic\u0103<\/u><\/em><\/strong><\/p>\n<p><em>\u201e\u00cenc<\/em><em>\u0103 de la lansare, am gestionat proiecte \u00een care am lucrat cu clientul ca s\u0103 clarific\u0103m problema, nu brieful de crea\u021bie. Am derulat campanii dificile, complexe, \u00een care, de multe ori, sim\u021beam c\u0103 nu \u0219tim nici de unde s\u0103 \u00eencepem. Dar cu mult\u0103 munc\u0103, metodologie corect\u0103, creativitate, am transformat astfel de proiecte \u00een campanii numite Best-Practice de c\u0103tre clien\u021bi.<\/em><em>\u201d<\/em>, a declarat Ioana Mucenic.<\/p>\n<p><em>\u201eMajoritatea proiectelor la care lucr\u0103m sunt integrate, a\u0219adar obiectivul final nu este ideea creativ\u0103 \u00een sine, ci generarea unor rezultate ac\u021bionabile, cu impact direct \u00een businessul brandurilor pentru care lucr\u0103m. Clien\u021bii no\u0219tri apreciaz\u0103 capacitatea noastr\u0103 de integrare multicanal tocmai pentru c\u0103 \u00eembr\u0103c\u0103m solu\u021bia strategic\u0103 \u00eentr-un mod creativ care nu se dilueaz\u0103 \u0219i care p\u0103streaz\u0103 un fir ro\u0219u care d\u0103 relevan\u021b\u0103 campaniei: de la arhitectura de mesaj \u0219i p\u00e2n\u0103 la ultimul detaliu de implementare.\u201d,<\/em> a ad\u0103ugat Cristiana Pan\u0103.<\/p>\n<p><strong><em><u>4 ani de Minio Studio \u2013 pe minio.ro<\/u><\/em><\/strong><\/p>\n<p>De-a lungul celor 4 ani, agen\u021bia a avut o cre\u0219tere foarte rapid\u0103, derul\u00e2nd proiecte pentru clien\u021bi locali \u0219i interna\u021bionali de prestigiu. Cu aceast\u0103 ocazie, agen\u021bia \u0219i-a relansat website-ul, prezent\u00e2ndu-\u0219i proiectele, echipa \u0219i viziunea, pe <a href=\"http:\/\/dev.minio.ro\"><strong>dev.minio.ro<\/strong><\/a>.[\/vc_column_text][vc_empty_space][\/vc_column][\/vc_row][vc_row][vc_column][vc_single_image image=&#8221;8324&#8243; img_size=&#8221;full&#8221;][\/vc_column][\/vc_row]<\/p>\n<\/div>","protected":false},"excerpt":{"rendered":"<p>[vc_row][vc_column][vc_column_text]Minio Studio, agen\u021bie de comunicare integrat\u0103, \u00ee\u0219i extinde departamentul de strategie, av\u00e2nd astfel cea mai mare echip\u0103 de strategie a unei agen\u021bii locale independente. Din cei 23 de profesioni\u0219ti ai agen\u021biei, 5 sunt dedica\u021bi activit\u0103\u021bilor de strategie creativ\u0103. Echipa de Strategie Noua echip\u0103 este una [&hellip;]<\/p>\n","protected":false},"author":2,"featured_media":13573,"comment_status":"open","ping_status":"open","sticky":false,"template":"","format":"standard","meta":{"footnotes":""},"categories":[1,208],"tags":[],"class_list":["post-8317","post","type-post","status-publish","format-standard","has-post-thumbnail","hentry","category-home","category-media"],"yoast_head":"<!-- This site is optimized with the Yoast SEO plugin v23.5 - https:\/\/yoast.com\/wordpress\/plugins\/seo\/ -->\n<title>Minio Studio anun\u021b\u0103 cel mai mare departament de strategie al unei agen\u021bii locale independente - Minio Studio<\/title>\n<meta name=\"robots\" content=\"index, follow, max-snippet:-1, max-image-preview:large, max-video-preview:-1\" \/>\n<link rel=\"canonical\" href=\"https:\/\/minio.ro\/en\/minio-studio-anunta-cel-mai-mare-departament-de-strategie-al-unei-agentii-locale-independente\/\" \/>\n<meta property=\"og:locale\" content=\"en_US\" \/>\n<meta property=\"og:type\" content=\"article\" \/>\n<meta property=\"og:title\" content=\"Minio Studio anun\u021b\u0103 cel mai mare departament de strategie al unei agen\u021bii locale independente - Minio Studio\" \/>\n<meta property=\"og:description\" content=\"[vc_row][vc_column][vc_column_text]Minio Studio, agen\u021bie de comunicare integrat\u0103, \u00ee\u0219i extinde departamentul de strategie, av\u00e2nd astfel cea mai mare echip\u0103 de strategie a unei agen\u021bii locale independente. Din cei 23 de profesioni\u0219ti ai agen\u021biei, 5 sunt dedica\u021bi activit\u0103\u021bilor de strategie creativ\u0103. Echipa de Strategie Noua echip\u0103 este una [&hellip;]\" \/>\n<meta property=\"og:url\" content=\"https:\/\/minio.ro\/en\/minio-studio-anunta-cel-mai-mare-departament-de-strategie-al-unei-agentii-locale-independente\/\" \/>\n<meta property=\"og:site_name\" content=\"Minio Studio\" \/>\n<meta property=\"article:published_time\" content=\"2020-03-04T16:41:02+00:00\" \/>\n<meta property=\"article:modified_time\" content=\"2022-09-20T16:15:53+00:00\" \/>\n<meta property=\"og:image\" content=\"https:\/\/minio.ro\/wp-content\/uploads\/2020\/03\/MI1921_headereTemplate_1-2_ASA_09sep22_77.jpg\" \/>\n\t<meta property=\"og:image:width\" content=\"1695\" \/>\n\t<meta property=\"og:image:height\" content=\"793\" \/>\n\t<meta property=\"og:image:type\" content=\"image\/jpeg\" \/>\n<meta name=\"author\" content=\"Andrada Ionescu\" \/>\n<meta name=\"twitter:card\" content=\"summary_large_image\" \/>\n<meta name=\"twitter:label1\" content=\"Written by\" \/>\n\t<meta name=\"twitter:data1\" content=\"Andrada Ionescu\" \/>\n\t<meta name=\"twitter:label2\" content=\"Est. reading time\" \/>\n\t<meta name=\"twitter:data2\" content=\"4 minutes\" \/>\n<script type=\"application\/ld+json\" class=\"yoast-schema-graph\">{\"@context\":\"https:\/\/schema.org\",\"@graph\":[{\"@type\":\"WebPage\",\"@id\":\"https:\/\/minio.ro\/en\/minio-studio-anunta-cel-mai-mare-departament-de-strategie-al-unei-agentii-locale-independente\/\",\"url\":\"https:\/\/minio.ro\/en\/minio-studio-anunta-cel-mai-mare-departament-de-strategie-al-unei-agentii-locale-independente\/\",\"name\":\"Minio Studio anun\u021b\u0103 cel mai mare departament de strategie al unei agen\u021bii locale independente - Minio Studio\",\"isPartOf\":{\"@id\":\"https:\/\/minio.ro\/#website\"},\"primaryImageOfPage\":{\"@id\":\"https:\/\/minio.ro\/en\/minio-studio-anunta-cel-mai-mare-departament-de-strategie-al-unei-agentii-locale-independente\/#primaryimage\"},\"image\":{\"@id\":\"https:\/\/minio.ro\/en\/minio-studio-anunta-cel-mai-mare-departament-de-strategie-al-unei-agentii-locale-independente\/#primaryimage\"},\"thumbnailUrl\":\"https:\/\/minio.ro\/wp-content\/uploads\/2020\/03\/MI1921_headereTemplate_1-2_ASA_09sep22_77.jpg\",\"datePublished\":\"2020-03-04T16:41:02+00:00\",\"dateModified\":\"2022-09-20T16:15:53+00:00\",\"author\":{\"@id\":\"https:\/\/minio.ro\/#\/schema\/person\/b42e6658da2b826baa2a0ca18906b52d\"},\"breadcrumb\":{\"@id\":\"https:\/\/minio.ro\/en\/minio-studio-anunta-cel-mai-mare-departament-de-strategie-al-unei-agentii-locale-independente\/#breadcrumb\"},\"inLanguage\":\"en-US\",\"potentialAction\":[{\"@type\":\"ReadAction\",\"target\":[\"https:\/\/minio.ro\/en\/minio-studio-anunta-cel-mai-mare-departament-de-strategie-al-unei-agentii-locale-independente\/\"]}]},{\"@type\":\"ImageObject\",\"inLanguage\":\"en-US\",\"@id\":\"https:\/\/minio.ro\/en\/minio-studio-anunta-cel-mai-mare-departament-de-strategie-al-unei-agentii-locale-independente\/#primaryimage\",\"url\":\"https:\/\/minio.ro\/wp-content\/uploads\/2020\/03\/MI1921_headereTemplate_1-2_ASA_09sep22_77.jpg\",\"contentUrl\":\"https:\/\/minio.ro\/wp-content\/uploads\/2020\/03\/MI1921_headereTemplate_1-2_ASA_09sep22_77.jpg\",\"width\":1695,\"height\":793},{\"@type\":\"BreadcrumbList\",\"@id\":\"https:\/\/minio.ro\/en\/minio-studio-anunta-cel-mai-mare-departament-de-strategie-al-unei-agentii-locale-independente\/#breadcrumb\",\"itemListElement\":[{\"@type\":\"ListItem\",\"position\":1,\"name\":\"Prima pagin\u0103\",\"item\":\"https:\/\/minio.ro\/en\/\"},{\"@type\":\"ListItem\",\"position\":2,\"name\":\"Minio Studio anun\u021b\u0103 cel mai mare departament de strategie al unei agen\u021bii locale independente\"}]},{\"@type\":\"WebSite\",\"@id\":\"https:\/\/minio.ro\/#website\",\"url\":\"https:\/\/minio.ro\/\",\"name\":\"Minio Studio\",\"description\":\"Think bigger\",\"potentialAction\":[{\"@type\":\"SearchAction\",\"target\":{\"@type\":\"EntryPoint\",\"urlTemplate\":\"https:\/\/minio.ro\/?s={search_term_string}\"},\"query-input\":{\"@type\":\"PropertyValueSpecification\",\"valueRequired\":true,\"valueName\":\"search_term_string\"}}],\"inLanguage\":\"en-US\"},{\"@type\":\"Person\",\"@id\":\"https:\/\/minio.ro\/#\/schema\/person\/b42e6658da2b826baa2a0ca18906b52d\",\"name\":\"Andrada Ionescu\",\"image\":{\"@type\":\"ImageObject\",\"inLanguage\":\"en-US\",\"@id\":\"https:\/\/minio.ro\/#\/schema\/person\/image\/\",\"url\":\"https:\/\/secure.gravatar.com\/avatar\/71fc7a560db42c45038be0c189e95fde?s=96&d=mm&r=g\",\"contentUrl\":\"https:\/\/secure.gravatar.com\/avatar\/71fc7a560db42c45038be0c189e95fde?s=96&d=mm&r=g\",\"caption\":\"Andrada Ionescu\"},\"url\":\"https:\/\/minio.ro\/en\/author\/andrada-ionescuminio-ro\/\"}]}<\/script>\n<!-- \/ Yoast SEO plugin. -->","yoast_head_json":{"title":"Minio Studio anun\u021b\u0103 cel mai mare departament de strategie al unei agen\u021bii locale independente - Minio Studio","robots":{"index":"index","follow":"follow","max-snippet":"max-snippet:-1","max-image-preview":"max-image-preview:large","max-video-preview":"max-video-preview:-1"},"canonical":"https:\/\/minio.ro\/en\/minio-studio-anunta-cel-mai-mare-departament-de-strategie-al-unei-agentii-locale-independente\/","og_locale":"en_US","og_type":"article","og_title":"Minio Studio anun\u021b\u0103 cel mai mare departament de strategie al unei agen\u021bii locale independente - Minio Studio","og_description":"[vc_row][vc_column][vc_column_text]Minio Studio, agen\u021bie de comunicare integrat\u0103, \u00ee\u0219i extinde departamentul de strategie, av\u00e2nd astfel cea mai mare echip\u0103 de strategie a unei agen\u021bii locale independente. Din cei 23 de profesioni\u0219ti ai agen\u021biei, 5 sunt dedica\u021bi activit\u0103\u021bilor de strategie creativ\u0103. Echipa de Strategie Noua echip\u0103 este una [&hellip;]","og_url":"https:\/\/minio.ro\/en\/minio-studio-anunta-cel-mai-mare-departament-de-strategie-al-unei-agentii-locale-independente\/","og_site_name":"Minio Studio","article_published_time":"2020-03-04T16:41:02+00:00","article_modified_time":"2022-09-20T16:15:53+00:00","og_image":[{"width":1695,"height":793,"url":"https:\/\/minio.ro\/wp-content\/uploads\/2020\/03\/MI1921_headereTemplate_1-2_ASA_09sep22_77.jpg","type":"image\/jpeg"}],"author":"Andrada Ionescu","twitter_card":"summary_large_image","twitter_misc":{"Written by":"Andrada Ionescu","Est. reading time":"4 minutes"},"schema":{"@context":"https:\/\/schema.org","@graph":[{"@type":"WebPage","@id":"https:\/\/minio.ro\/en\/minio-studio-anunta-cel-mai-mare-departament-de-strategie-al-unei-agentii-locale-independente\/","url":"https:\/\/minio.ro\/en\/minio-studio-anunta-cel-mai-mare-departament-de-strategie-al-unei-agentii-locale-independente\/","name":"Minio Studio anun\u021b\u0103 cel mai mare departament de strategie al unei agen\u021bii locale independente - Minio Studio","isPartOf":{"@id":"https:\/\/minio.ro\/#website"},"primaryImageOfPage":{"@id":"https:\/\/minio.ro\/en\/minio-studio-anunta-cel-mai-mare-departament-de-strategie-al-unei-agentii-locale-independente\/#primaryimage"},"image":{"@id":"https:\/\/minio.ro\/en\/minio-studio-anunta-cel-mai-mare-departament-de-strategie-al-unei-agentii-locale-independente\/#primaryimage"},"thumbnailUrl":"https:\/\/minio.ro\/wp-content\/uploads\/2020\/03\/MI1921_headereTemplate_1-2_ASA_09sep22_77.jpg","datePublished":"2020-03-04T16:41:02+00:00","dateModified":"2022-09-20T16:15:53+00:00","author":{"@id":"https:\/\/minio.ro\/#\/schema\/person\/b42e6658da2b826baa2a0ca18906b52d"},"breadcrumb":{"@id":"https:\/\/minio.ro\/en\/minio-studio-anunta-cel-mai-mare-departament-de-strategie-al-unei-agentii-locale-independente\/#breadcrumb"},"inLanguage":"en-US","potentialAction":[{"@type":"ReadAction","target":["https:\/\/minio.ro\/en\/minio-studio-anunta-cel-mai-mare-departament-de-strategie-al-unei-agentii-locale-independente\/"]}]},{"@type":"ImageObject","inLanguage":"en-US","@id":"https:\/\/minio.ro\/en\/minio-studio-anunta-cel-mai-mare-departament-de-strategie-al-unei-agentii-locale-independente\/#primaryimage","url":"https:\/\/minio.ro\/wp-content\/uploads\/2020\/03\/MI1921_headereTemplate_1-2_ASA_09sep22_77.jpg","contentUrl":"https:\/\/minio.ro\/wp-content\/uploads\/2020\/03\/MI1921_headereTemplate_1-2_ASA_09sep22_77.jpg","width":1695,"height":793},{"@type":"BreadcrumbList","@id":"https:\/\/minio.ro\/en\/minio-studio-anunta-cel-mai-mare-departament-de-strategie-al-unei-agentii-locale-independente\/#breadcrumb","itemListElement":[{"@type":"ListItem","position":1,"name":"Prima pagin\u0103","item":"https:\/\/minio.ro\/en\/"},{"@type":"ListItem","position":2,"name":"Minio Studio anun\u021b\u0103 cel mai mare departament de strategie al unei agen\u021bii locale independente"}]},{"@type":"WebSite","@id":"https:\/\/minio.ro\/#website","url":"https:\/\/minio.ro\/","name":"Minio Studio","description":"Think bigger","potentialAction":[{"@type":"SearchAction","target":{"@type":"EntryPoint","urlTemplate":"https:\/\/minio.ro\/?s={search_term_string}"},"query-input":{"@type":"PropertyValueSpecification","valueRequired":true,"valueName":"search_term_string"}}],"inLanguage":"en-US"},{"@type":"Person","@id":"https:\/\/minio.ro\/#\/schema\/person\/b42e6658da2b826baa2a0ca18906b52d","name":"Andrada Ionescu","image":{"@type":"ImageObject","inLanguage":"en-US","@id":"https:\/\/minio.ro\/#\/schema\/person\/image\/","url":"https:\/\/secure.gravatar.com\/avatar\/71fc7a560db42c45038be0c189e95fde?s=96&d=mm&r=g","contentUrl":"https:\/\/secure.gravatar.com\/avatar\/71fc7a560db42c45038be0c189e95fde?s=96&d=mm&r=g","caption":"Andrada Ionescu"},"url":"https:\/\/minio.ro\/en\/author\/andrada-ionescuminio-ro\/"}]}},"_links":{"self":[{"href":"https:\/\/minio.ro\/en\/wp-json\/wp\/v2\/posts\/8317"}],"collection":[{"href":"https:\/\/minio.ro\/en\/wp-json\/wp\/v2\/posts"}],"about":[{"href":"https:\/\/minio.ro\/en\/wp-json\/wp\/v2\/types\/post"}],"author":[{"embeddable":true,"href":"https:\/\/minio.ro\/en\/wp-json\/wp\/v2\/users\/2"}],"replies":[{"embeddable":true,"href":"https:\/\/minio.ro\/en\/wp-json\/wp\/v2\/comments?post=8317"}],"version-history":[{"count":3,"href":"https:\/\/minio.ro\/en\/wp-json\/wp\/v2\/posts\/8317\/revisions"}],"predecessor-version":[{"id":8328,"href":"https:\/\/minio.ro\/en\/wp-json\/wp\/v2\/posts\/8317\/revisions\/8328"}],"wp:featuredmedia":[{"embeddable":true,"href":"https:\/\/minio.ro\/en\/wp-json\/wp\/v2\/media\/13573"}],"wp:attachment":[{"href":"https:\/\/minio.ro\/en\/wp-json\/wp\/v2\/media?parent=8317"}],"wp:term":[{"taxonomy":"category","embeddable":true,"href":"https:\/\/minio.ro\/en\/wp-json\/wp\/v2\/categories?post=8317"},{"taxonomy":"post_tag","embeddable":true,"href":"https:\/\/minio.ro\/en\/wp-json\/wp\/v2\/tags?post=8317"}],"curies":[{"name":"wp","href":"https:\/\/api.w.org\/{rel}","templated":true}]}}